{"id":14602,"date":"2016-12-11T13:45:49","date_gmt":"2016-12-11T13:45:49","guid":{"rendered":"http:\/\/www.tello.pepagroup.es\/recetasconestrella-patata-asada-con-patatas-machadas-al-aceite-de-pimenton\/"},"modified":"2017-11-15T08:46:15","modified_gmt":"2017-11-15T08:46:15","slug":"recetasconestrella-patata-asada-con-patatas-machadas-al-aceite-de-pimenton","status":"publish","type":"post","link":"https:\/\/www.tello.es\/en\/recetasconestrella-patata-asada-con-patatas-machadas-al-aceite-de-pimenton\/","title":{"rendered":"#RecetasconEstrella &#8211; Patata asada"},"content":{"rendered":"<section  class='av_textblock_section av-av_textblock-396ddf1f42196ca838231e61a4602801 '   itemscope=\"itemscope\" itemtype=\"https:\/\/schema.org\/BlogPosting\" itemprop=\"blogPost\" ><div class='avia_textblock'  itemprop=\"text\" ><h6>#RECETASCONESTRELLA PATATA ASADA<\/h6>\n<\/div><\/section>\n<div  class='avia-video av-av_video-6a7f589d08ace740fa2c4ae7879732b6 avia-video-16-9 av-no-preview-image avia-video-load-always av-lazyload-immediate av-lazyload-video-embed'  itemprop=\"video\" itemtype=\"https:\/\/schema.org\/VideoObject\"  data-original_url='https:\/\/youtu.be\/0CcvUwv5ZzY?list=PL7Bm4X9gDs-Xq8J7-3are6yrkykTIskzC'><script type='text\/html' class='av-video-tmpl'><div class='avia-iframe-wrap'><iframe width=\"1333\" height=\"1000\" src=\"https:\/\/www.youtube.com\/embed\/0CcvUwv5ZzY?feature=oembed&autoplay=0&loop=0&controls=1&mute=0\" frameborder=\"0\" allowfullscreen><\/iframe><\/div><\/script><div class='av-click-to-play-overlay'><div class=\"avia_playpause_icon\"><\/div><\/div><\/div>\n\n<style type=\"text\/css\" data-created_by=\"avia_inline_auto\" id=\"style-css-av-av_one_half-6126cab7d8fab8d08143dd2dacdf673c\">\n.flex_column.av-av_one_half-6126cab7d8fab8d08143dd2dacdf673c{\nborder-radius:0px 0px 0px 0px;\npadding:0px 0px 0px 0px;\n}\n<\/style>\n<div  class='flex_column av-av_one_half-6126cab7d8fab8d08143dd2dacdf673c av_one_half  avia-builder-el-2  el_after_av_video  el_before_av_one_half  first flex_column_div av-zero-column-padding  '     ><section  class='av_textblock_section av-av_textblock-0366cc7376be6c9e82a3e9cc8987b64f '   itemscope=\"itemscope\" itemtype=\"https:\/\/schema.org\/BlogPosting\" itemprop=\"blogPost\" ><div class='avia_textblock'  itemprop=\"text\" ><p><strong>01. Elaboraci\u00f3n de las patatas<\/strong><\/p>\n<p>Pondremos a cocer las patatas en una olla en torno a 10-15 min<\/p>\n<p>A\u00f1adimos una pizca de sal<\/p>\n<\/div><\/section><\/div>\n\n<style type=\"text\/css\" data-created_by=\"avia_inline_auto\" id=\"style-css-av-av_one_half-0aa7055fe62c3622faec82866afbaeb2\">\n.flex_column.av-av_one_half-0aa7055fe62c3622faec82866afbaeb2{\nborder-radius:0px 0px 0px 0px;\npadding:0px 0px 0px 0px;\n}\n<\/style>\n<div  class='flex_column av-av_one_half-0aa7055fe62c3622faec82866afbaeb2 av_one_half  avia-builder-el-4  el_after_av_one_half  el_before_av_one_half  flex_column_div av-zero-column-padding  '     ><section  class='av_textblock_section av-av_textblock-0366cc7376be6c9e82a3e9cc8987b64f '   itemscope=\"itemscope\" itemtype=\"https:\/\/schema.org\/BlogPosting\" itemprop=\"blogPost\" ><div class='avia_textblock'  itemprop=\"text\" ><p><strong>02. Elaboraci\u00f3n del aceite de piment\u00f3n<\/strong><\/p>\n<p>Incorporamos el aceite de oliva a una cazuela<\/p>\n<p>A\u00f1adimos una cucharada de piment\u00f3n ahumado y picante<\/p>\n<p>Removemos con la ayuda de una cuchara<\/p>\n<p>Ponemos la cazuela a fuego medio con cuidado de no superar los 60 grados<\/p>\n<\/div><\/section><\/div>\n\n<style type=\"text\/css\" data-created_by=\"avia_inline_auto\" id=\"style-css-av-av_one_half-6126cab7d8fab8d08143dd2dacdf673c\">\n.flex_column.av-av_one_half-6126cab7d8fab8d08143dd2dacdf673c{\nborder-radius:0px 0px 0px 0px;\npadding:0px 0px 0px 0px;\n}\n<\/style>\n<div  class='flex_column av-av_one_half-6126cab7d8fab8d08143dd2dacdf673c av_one_half  avia-builder-el-6  el_after_av_one_half  el_before_av_one_half  first flex_column_div av-zero-column-padding  column-top-margin'     ><section  class='av_textblock_section av-av_textblock-0366cc7376be6c9e82a3e9cc8987b64f '   itemscope=\"itemscope\" itemtype=\"https:\/\/schema.org\/BlogPosting\" itemprop=\"blogPost\" ><div class='avia_textblock'  itemprop=\"text\" ><p><strong>03. Elaboraci\u00f3n de la patata machada con aceite de piment\u00f3n<\/strong><\/p>\n<p>Una vez tengamos cocidas las patatas las pelaremos<\/p>\n<p>Trituramos las patatas con la ayuda de un tenedor<\/p>\n<p>Con una cuchara a\u00f1adimos sobre las patatas el aceite de piment\u00f3n<\/p>\n<p>Mezclamos las patatas con el aceite para que cojan sabor<\/p>\n<\/div><\/section><\/div>\n\n<style type=\"text\/css\" data-created_by=\"avia_inline_auto\" id=\"style-css-av-av_one_half-0aa7055fe62c3622faec82866afbaeb2\">\n.flex_column.av-av_one_half-0aa7055fe62c3622faec82866afbaeb2{\nborder-radius:0px 0px 0px 0px;\npadding:0px 0px 0px 0px;\n}\n<\/style>\n<div  class='flex_column av-av_one_half-0aa7055fe62c3622faec82866afbaeb2 av_one_half  avia-builder-el-8  el_after_av_one_half  el_before_av_one_half  flex_column_div av-zero-column-padding  column-top-margin'     ><section  class='av_textblock_section av-av_textblock-0366cc7376be6c9e82a3e9cc8987b64f '   itemscope=\"itemscope\" itemtype=\"https:\/\/schema.org\/BlogPosting\" itemprop=\"blogPost\" ><div class='avia_textblock'  itemprop=\"text\" ><p><strong>04. Emplatado:<\/strong><\/p>\n<p>Colocamos las patatas en el plato<\/p>\n<p>Loncheamos la pata asada<\/p>\n<p>Colocamos las lonchas de pata asada sobre la base de patatas que hemos puesto en el plato<\/p>\n<p>Aderezamos con un poco de piment\u00f3n espolvoreado y un toque de cilantro<\/p>\n<\/div><\/section><\/div>\n\n<style type=\"text\/css\" data-created_by=\"avia_inline_auto\" id=\"style-css-av-av_one_half-6126cab7d8fab8d08143dd2dacdf673c\">\n.flex_column.av-av_one_half-6126cab7d8fab8d08143dd2dacdf673c{\nborder-radius:0px 0px 0px 0px;\npadding:0px 0px 0px 0px;\n}\n<\/style>\n<div  class='flex_column av-av_one_half-6126cab7d8fab8d08143dd2dacdf673c av_one_half  avia-builder-el-10  el_after_av_one_half  el_before_av_one_half  first flex_column_div av-zero-column-padding  column-top-margin'     ><section  class='av_textblock_section av-av_textblock-0366cc7376be6c9e82a3e9cc8987b64f '   itemscope=\"itemscope\" itemtype=\"https:\/\/schema.org\/BlogPosting\" itemprop=\"blogPost\" ><div class='avia_textblock'  itemprop=\"text\" ><p><a href=\"http:\/\/www.tello.pepagroup.es\/wp-content\/uploads\/2016\/12\/pdf.jpg\"><img fetchpriority=\"high\" decoding=\"async\" class=\"aligncenter wp-image-3775 size-full\" src=\"http:\/\/www.tello.pepagroup.es\/wp-content\/uploads\/2016\/12\/pdf.jpg\" alt=\"pdf\" width=\"340\" height=\"480\" srcset=\"https:\/\/www.tello.es\/wp-content\/uploads\/2016\/12\/pdf.jpg 340w, https:\/\/www.tello.es\/wp-content\/uploads\/2016\/12\/pdf-213x300.jpg 213w\" sizes=\"(max-width: 340px) 100vw, 340px\" \/><\/a><\/p>\n<\/div><\/section><\/div>\n\n<style type=\"text\/css\" data-created_by=\"avia_inline_auto\" id=\"style-css-av-av_one_half-0aa7055fe62c3622faec82866afbaeb2\">\n.flex_column.av-av_one_half-0aa7055fe62c3622faec82866afbaeb2{\nborder-radius:0px 0px 0px 0px;\npadding:0px 0px 0px 0px;\n}\n<\/style>\n<div  class='flex_column av-av_one_half-0aa7055fe62c3622faec82866afbaeb2 av_one_half  avia-builder-el-12  el_after_av_one_half  el_before_av_one_full  flex_column_div av-zero-column-padding  column-top-margin'     ><section  class='av_textblock_section av-av_textblock-0366cc7376be6c9e82a3e9cc8987b64f '   itemscope=\"itemscope\" itemtype=\"https:\/\/schema.org\/BlogPosting\" itemprop=\"blogPost\" ><div class='avia_textblock'  itemprop=\"text\" ><p>Tiene buena pinta \u00bfverdad? No dudes en visitar nuestro nuevo espacio en <a href=\"https:\/\/www.youtube.com\/user\/canaltello\" target=\"_blank\" rel=\"noopener noreferrer\">Youtube<\/a>, Recetas con Estrella, y conoce de primera mano junto a Erlantz Gorostiza y Daniel Hern\u00e1ndez, concursante de la primera edici\u00f3n de Masterchef Junior, c\u00f3mo preparar esta deliciosa receta de pata asada con patatas machadas al aceite de piment\u00f3n que, seguro, encantar\u00e1 \u00a0a todos tus comensales. \u00a0Una receta sencilla, deliciosa y saludable elaborada con productos de quinta gama Tello.<\/p>\n<p>Esperamos que disfrut\u00e9is de este nuevo espacio y que prepar\u00e9is estas ricas recetas cinco estrellas.<\/p>\n<p>\u00a1No dudes en compartir con nosotros tus dudas, ideas y tus incre\u00edbles platos utilizando el hashtag #RecetasConEstrella!<\/p>\n<\/div><\/section><\/div>\n\n<style type=\"text\/css\" data-created_by=\"avia_inline_auto\" id=\"style-css-av-av_one_full-6126cab7d8fab8d08143dd2dacdf673c\">\n.flex_column.av-av_one_full-6126cab7d8fab8d08143dd2dacdf673c{\nborder-radius:0px 0px 0px 0px;\npadding:0px 0px 0px 0px;\n}\n<\/style>\n<div  class='flex_column av-av_one_full-6126cab7d8fab8d08143dd2dacdf673c av_one_full  avia-builder-el-14  el_after_av_one_half  el_before_av_comments_list  first flex_column_div av-zero-column-padding  column-top-margin'     ><section  class='av_textblock_section av-av_textblock-0366cc7376be6c9e82a3e9cc8987b64f '   itemscope=\"itemscope\" itemtype=\"https:\/\/schema.org\/BlogPosting\" itemprop=\"blogPost\" ><div class='avia_textblock'  itemprop=\"text\" ><h3 style=\"text-align: center;\">\u00a1Buen provecho!<\/h3>\n<p><img decoding=\"async\" class=\"aligncenter size-full wp-image-1041\" src=\"http:\/\/tello.pepagroup.es\/wp-content\/uploads\/2014\/05\/cerditoo.png\" alt=\"cerditoo\" width=\"100\" height=\"99\" srcset=\"https:\/\/www.tello.es\/wp-content\/uploads\/2014\/05\/cerditoo.png 100w, https:\/\/www.tello.es\/wp-content\/uploads\/2014\/05\/cerditoo-80x80.png 80w, https:\/\/www.tello.es\/wp-content\/uploads\/2014\/05\/cerditoo-36x36.png 36w\" sizes=\"(max-width: 100px) 100vw, 100px\" \/><\/p>\n<\/div><\/section><\/div>\n<div  class='av-buildercomment av-av_comments_list-ec6363dcc719aaa3d0e1a23f8cafb014  av-blog-meta-comments-disabled av-blog-meta-html-info-disabled'><\/div>\n<div  class='av-social-sharing-box av-av_social_share-19d1007ce7c06bda98dbbd1d8141a50c av-social-sharing-box-default  avia-builder-el-17  el_after_av_comments_list  avia-builder-el-last  av-social-sharing-box-fullwidth'><div class=\"av-share-box\"><h5 class='av-share-link-description av-no-toc '>Compartir esta entrada<\/h5><ul class=\"av-share-box-list noLightbox\"><li class='av-share-link av-social-link-facebook avia_social_iconfont' ><a target=\"_blank\" aria-label=\"Share on Facebook\" href='https:\/\/www.facebook.com\/sharer.php?u=https:\/\/www.tello.es\/en\/recetasconestrella-patata-asada-con-patatas-machadas-al-aceite-de-pimenton\/&#038;t=%23RecetasconEstrella%20%E2%80%93%20Patata%20asada' data-av_icon='\ue8f3' data-av_iconfont='entypo-fontello'  title='' data-avia-related-tooltip='Share on Facebook'><span class='avia_hidden_link_text'>Share on Facebook<\/span><\/a><\/li><li class='av-share-link av-social-link-twitter avia_social_iconfont' ><a target=\"_blank\" aria-label=\"Share on X\" href='https:\/\/twitter.com\/share?text=%23RecetasconEstrella%20%E2%80%93%20Patata%20asada&#038;url=https:\/\/www.tello.es\/en\/?p=14602' data-av_icon='\ue932' data-av_iconfont='entypo-fontello'  title='' data-avia-related-tooltip='Share on X'><span class='avia_hidden_link_text'>Share on X<\/span><\/a><\/li><li class='av-share-link av-social-link-pinterest avia_social_iconfont' ><a target=\"_blank\" aria-label=\"Share on Pinterest\" href='https:\/\/pinterest.com\/pin\/create\/button\/?url=https%3A%2F%2Fwww.tello.es%2Fen%2Frecetasconestrella-patata-asada-con-patatas-machadas-al-aceite-de-pimenton%2F&#038;description=%23RecetasconEstrella%20%E2%80%93%20Patata%20asada&#038;media=https%3A%2F%2Fwww.tello.es%2Fwp-content%2Fuploads%2F2016%2F12%2FBlog_Tello_Recetas01B-705x423.jpg' data-av_icon='\ue8f8' data-av_iconfont='entypo-fontello'  title='' data-avia-related-tooltip='Share on Pinterest'><span class='avia_hidden_link_text'>Share on Pinterest<\/span><\/a><\/li><li class='av-share-link av-social-link-linkedin avia_social_iconfont' ><a target=\"_blank\" aria-label=\"Share on LinkedIn\" href='https:\/\/linkedin.com\/shareArticle?mini=true&#038;title=%23RecetasconEstrella%20%E2%80%93%20Patata%20asada&#038;url=https:\/\/www.tello.es\/en\/recetasconestrella-patata-asada-con-patatas-machadas-al-aceite-de-pimenton\/' data-av_icon='\ue8fc' data-av_iconfont='entypo-fontello'  title='' data-avia-related-tooltip='Share on LinkedIn'><span class='avia_hidden_link_text'>Share on LinkedIn<\/span><\/a><\/li><li class='av-share-link av-social-link-mail avia_social_iconfont' ><a  aria-label=\"Share by Mail\" href='mailto:?subject=%23RecetasconEstrella%20%E2%80%93%20Patata%20asada&#038;body=https:\/\/www.tello.es\/en\/recetasconestrella-patata-asada-con-patatas-machadas-al-aceite-de-pimenton\/' data-av_icon='\ue805' data-av_iconfont='entypo-fontello'  title='' data-avia-related-tooltip='Share by Mail'><span class='avia_hidden_link_text'>Share by Mail<\/span><\/a><\/li><\/ul><\/div><\/div>\n","protected":false},"excerpt":{"rendered":"","protected":false},"author":307,"featured_media":7379,"comment_status":"open","ping_status":"open","sticky":false,"template":"","format":"video","meta":{"_acf_changed":false,"footnotes":""},"categories":[242,245,553,852],"tags":[105,823],"class_list":["post-14602","post","type-post","status-publish","format-video","has-post-thumbnail","hentry","category-recetas-en","category-video-recetas-en","category-erlantz-gorostiza-en","category-video-recetas-en-2","tag-recetasconestrella-en","tag-patata-asada-en","post_format-post-format-video"],"acf":[],"yoast_head":"<!-- This site is optimized with the Yoast SEO plugin v27.5 - https:\/\/yoast.com\/product\/yoast-seo-wordpress\/ -->\n<title>#RecetasconEstrella - Patata asada - GRUPO TELLO ALIMENTACI\u00d3N<\/title>\n<meta name=\"robots\" content=\"index, follow, max-snippet:-1, max-image-preview:large, max-video-preview:-1\" \/>\n<link rel=\"canonical\" href=\"https:\/\/www.tello.es\/en\/recetasconestrella-patata-asada-con-patatas-machadas-al-aceite-de-pimenton\/\" \/>\n<meta property=\"og:locale\" content=\"en_US\" \/>\n<meta property=\"og:type\" content=\"article\" \/>\n<meta property=\"og:title\" content=\"#RecetasconEstrella - Patata asada - GRUPO TELLO ALIMENTACI\u00d3N\" \/>\n<meta property=\"og:url\" content=\"https:\/\/www.tello.es\/en\/recetasconestrella-patata-asada-con-patatas-machadas-al-aceite-de-pimenton\/\" \/>\n<meta property=\"og:site_name\" content=\"GRUPO TELLO ALIMENTACI\u00d3N\" \/>\n<meta property=\"article:publisher\" content=\"https:\/\/www.facebook.com\/TelloAlimentacion\/\" \/>\n<meta property=\"article:published_time\" content=\"2016-12-11T13:45:49+00:00\" \/>\n<meta property=\"article:modified_time\" content=\"2017-11-15T08:46:15+00:00\" \/>\n<meta property=\"og:image\" content=\"https:\/\/www.tello.es\/wp-content\/uploads\/2016\/12\/Blog_Tello_Recetas01B.jpg\" \/>\n\t<meta property=\"og:image:width\" content=\"1000\" \/>\n\t<meta property=\"og:image:height\" content=\"600\" \/>\n\t<meta property=\"og:image:type\" content=\"image\/jpeg\" \/>\n<meta name=\"author\" content=\"Irene Roca\" \/>\n<meta name=\"twitter:card\" content=\"summary_large_image\" \/>\n<meta name=\"twitter:creator\" content=\"@Telloalimenta\" \/>\n<meta name=\"twitter:site\" content=\"@Telloalimenta\" \/>\n<meta name=\"twitter:label1\" content=\"Written by\" \/>\n\t<meta name=\"twitter:data1\" content=\"Irene Roca\" \/>\n\t<meta name=\"twitter:label2\" content=\"Est. reading time\" \/>\n\t<meta name=\"twitter:data2\" content=\"4 minutes\" \/>\n<script type=\"application\/ld+json\" class=\"yoast-schema-graph\">{\"@context\":\"https:\\\/\\\/schema.org\",\"@graph\":[{\"@type\":\"Article\",\"@id\":\"https:\\\/\\\/www.tello.es\\\/en\\\/recetasconestrella-patata-asada-con-patatas-machadas-al-aceite-de-pimenton\\\/#article\",\"isPartOf\":{\"@id\":\"https:\\\/\\\/www.tello.es\\\/en\\\/recetasconestrella-patata-asada-con-patatas-machadas-al-aceite-de-pimenton\\\/\"},\"author\":{\"name\":\"Irene Roca\",\"@id\":\"https:\\\/\\\/www.tello.es\\\/#\\\/schema\\\/person\\\/a86107e51c3b003f989070a2dda15e7f\"},\"headline\":\"#RecetasconEstrella &#8211; Patata asada\",\"datePublished\":\"2016-12-11T13:45:49+00:00\",\"dateModified\":\"2017-11-15T08:46:15+00:00\",\"mainEntityOfPage\":{\"@id\":\"https:\\\/\\\/www.tello.es\\\/en\\\/recetasconestrella-patata-asada-con-patatas-machadas-al-aceite-de-pimenton\\\/\"},\"wordCount\":650,\"commentCount\":0,\"publisher\":{\"@id\":\"https:\\\/\\\/www.tello.es\\\/#organization\"},\"image\":{\"@id\":\"https:\\\/\\\/www.tello.es\\\/en\\\/recetasconestrella-patata-asada-con-patatas-machadas-al-aceite-de-pimenton\\\/#primaryimage\"},\"thumbnailUrl\":\"https:\\\/\\\/www.tello.es\\\/wp-content\\\/uploads\\\/2016\\\/12\\\/Blog_Tello_Recetas01B.jpg\",\"keywords\":[\"#RecetasconEstrella\",\"PATATA ASADA\"],\"articleSection\":[\"Recetas\",\"Video recetas\",\"Erlantz Gorostiza\",\"Video Recetas\"],\"inLanguage\":\"en-US\",\"potentialAction\":[{\"@type\":\"CommentAction\",\"name\":\"Comment\",\"target\":[\"https:\\\/\\\/www.tello.es\\\/en\\\/recetasconestrella-patata-asada-con-patatas-machadas-al-aceite-de-pimenton\\\/#respond\"]}]},{\"@type\":\"WebPage\",\"@id\":\"https:\\\/\\\/www.tello.es\\\/en\\\/recetasconestrella-patata-asada-con-patatas-machadas-al-aceite-de-pimenton\\\/\",\"url\":\"https:\\\/\\\/www.tello.es\\\/en\\\/recetasconestrella-patata-asada-con-patatas-machadas-al-aceite-de-pimenton\\\/\",\"name\":\"#RecetasconEstrella - Patata asada - GRUPO TELLO ALIMENTACI\u00d3N\",\"isPartOf\":{\"@id\":\"https:\\\/\\\/www.tello.es\\\/#website\"},\"primaryImageOfPage\":{\"@id\":\"https:\\\/\\\/www.tello.es\\\/en\\\/recetasconestrella-patata-asada-con-patatas-machadas-al-aceite-de-pimenton\\\/#primaryimage\"},\"image\":{\"@id\":\"https:\\\/\\\/www.tello.es\\\/en\\\/recetasconestrella-patata-asada-con-patatas-machadas-al-aceite-de-pimenton\\\/#primaryimage\"},\"thumbnailUrl\":\"https:\\\/\\\/www.tello.es\\\/wp-content\\\/uploads\\\/2016\\\/12\\\/Blog_Tello_Recetas01B.jpg\",\"datePublished\":\"2016-12-11T13:45:49+00:00\",\"dateModified\":\"2017-11-15T08:46:15+00:00\",\"breadcrumb\":{\"@id\":\"https:\\\/\\\/www.tello.es\\\/en\\\/recetasconestrella-patata-asada-con-patatas-machadas-al-aceite-de-pimenton\\\/#breadcrumb\"},\"inLanguage\":\"en-US\",\"potentialAction\":[{\"@type\":\"ReadAction\",\"target\":[\"https:\\\/\\\/www.tello.es\\\/en\\\/recetasconestrella-patata-asada-con-patatas-machadas-al-aceite-de-pimenton\\\/\"]}]},{\"@type\":\"ImageObject\",\"inLanguage\":\"en-US\",\"@id\":\"https:\\\/\\\/www.tello.es\\\/en\\\/recetasconestrella-patata-asada-con-patatas-machadas-al-aceite-de-pimenton\\\/#primaryimage\",\"url\":\"https:\\\/\\\/www.tello.es\\\/wp-content\\\/uploads\\\/2016\\\/12\\\/Blog_Tello_Recetas01B.jpg\",\"contentUrl\":\"https:\\\/\\\/www.tello.es\\\/wp-content\\\/uploads\\\/2016\\\/12\\\/Blog_Tello_Recetas01B.jpg\",\"width\":1000,\"height\":600},{\"@type\":\"BreadcrumbList\",\"@id\":\"https:\\\/\\\/www.tello.es\\\/en\\\/recetasconestrella-patata-asada-con-patatas-machadas-al-aceite-de-pimenton\\\/#breadcrumb\",\"itemListElement\":[{\"@type\":\"ListItem\",\"position\":1,\"name\":\"Home\",\"item\":\"https:\\\/\\\/www.tello.es\\\/en\\\/\"},{\"@type\":\"ListItem\",\"position\":2,\"name\":\"#RecetasconEstrella &#8211; Patata asada\"}]},{\"@type\":\"WebSite\",\"@id\":\"https:\\\/\\\/www.tello.es\\\/#website\",\"url\":\"https:\\\/\\\/www.tello.es\\\/\",\"name\":\"GRUPO TELLO ALIMENTACI\u00d3N\",\"description\":\"COME BIEN, VIVE MEJOR\",\"publisher\":{\"@id\":\"https:\\\/\\\/www.tello.es\\\/#organization\"},\"potentialAction\":[{\"@type\":\"SearchAction\",\"target\":{\"@type\":\"EntryPoint\",\"urlTemplate\":\"https:\\\/\\\/www.tello.es\\\/?s={search_term_string}\"},\"query-input\":{\"@type\":\"PropertyValueSpecification\",\"valueRequired\":true,\"valueName\":\"search_term_string\"}}],\"inLanguage\":\"en-US\"},{\"@type\":\"Organization\",\"@id\":\"https:\\\/\\\/www.tello.es\\\/#organization\",\"name\":\"Grupo Tello Alimentaci\u00f3n\",\"url\":\"https:\\\/\\\/www.tello.es\\\/\",\"logo\":{\"@type\":\"ImageObject\",\"inLanguage\":\"en-US\",\"@id\":\"https:\\\/\\\/www.tello.es\\\/#\\\/schema\\\/logo\\\/image\\\/\",\"url\":\"https:\\\/\\\/www.tello.es\\\/wp-content\\\/uploads\\\/2023\\\/11\\\/LOGO_CON_CLAIM4.jpg\",\"contentUrl\":\"https:\\\/\\\/www.tello.es\\\/wp-content\\\/uploads\\\/2023\\\/11\\\/LOGO_CON_CLAIM4.jpg\",\"width\":1772,\"height\":827,\"caption\":\"Grupo Tello Alimentaci\u00f3n\"},\"image\":{\"@id\":\"https:\\\/\\\/www.tello.es\\\/#\\\/schema\\\/logo\\\/image\\\/\"},\"sameAs\":[\"https:\\\/\\\/www.facebook.com\\\/TelloAlimentacion\\\/\",\"https:\\\/\\\/x.com\\\/Telloalimenta\",\"https:\\\/\\\/www.instagram.com\\\/telloalimentacion\\\/\",\"https:\\\/\\\/www.youtube.com\\\/telloalimentacion\"]},{\"@type\":\"Person\",\"@id\":\"https:\\\/\\\/www.tello.es\\\/#\\\/schema\\\/person\\\/a86107e51c3b003f989070a2dda15e7f\",\"name\":\"Irene Roca\",\"url\":\"https:\\\/\\\/www.tello.es\\\/en\\\/author\\\/irocatello-es\\\/\"}]}<\/script>\n<!-- \/ Yoast SEO plugin. -->","yoast_head_json":{"title":"#RecetasconEstrella - Patata asada - GRUPO TELLO ALIMENTACI\u00d3N","robots":{"index":"index","follow":"follow","max-snippet":"max-snippet:-1","max-image-preview":"max-image-preview:large","max-video-preview":"max-video-preview:-1"},"canonical":"https:\/\/www.tello.es\/en\/recetasconestrella-patata-asada-con-patatas-machadas-al-aceite-de-pimenton\/","og_locale":"en_US","og_type":"article","og_title":"#RecetasconEstrella - Patata asada - GRUPO TELLO ALIMENTACI\u00d3N","og_url":"https:\/\/www.tello.es\/en\/recetasconestrella-patata-asada-con-patatas-machadas-al-aceite-de-pimenton\/","og_site_name":"GRUPO TELLO ALIMENTACI\u00d3N","article_publisher":"https:\/\/www.facebook.com\/TelloAlimentacion\/","article_published_time":"2016-12-11T13:45:49+00:00","article_modified_time":"2017-11-15T08:46:15+00:00","og_image":[{"width":1000,"height":600,"url":"https:\/\/www.tello.es\/wp-content\/uploads\/2016\/12\/Blog_Tello_Recetas01B.jpg","type":"image\/jpeg"}],"author":"Irene Roca","twitter_card":"summary_large_image","twitter_creator":"@Telloalimenta","twitter_site":"@Telloalimenta","twitter_misc":{"Written by":"Irene Roca","Est. reading time":"4 minutes"},"schema":{"@context":"https:\/\/schema.org","@graph":[{"@type":"Article","@id":"https:\/\/www.tello.es\/en\/recetasconestrella-patata-asada-con-patatas-machadas-al-aceite-de-pimenton\/#article","isPartOf":{"@id":"https:\/\/www.tello.es\/en\/recetasconestrella-patata-asada-con-patatas-machadas-al-aceite-de-pimenton\/"},"author":{"name":"Irene Roca","@id":"https:\/\/www.tello.es\/#\/schema\/person\/a86107e51c3b003f989070a2dda15e7f"},"headline":"#RecetasconEstrella &#8211; Patata asada","datePublished":"2016-12-11T13:45:49+00:00","dateModified":"2017-11-15T08:46:15+00:00","mainEntityOfPage":{"@id":"https:\/\/www.tello.es\/en\/recetasconestrella-patata-asada-con-patatas-machadas-al-aceite-de-pimenton\/"},"wordCount":650,"commentCount":0,"publisher":{"@id":"https:\/\/www.tello.es\/#organization"},"image":{"@id":"https:\/\/www.tello.es\/en\/recetasconestrella-patata-asada-con-patatas-machadas-al-aceite-de-pimenton\/#primaryimage"},"thumbnailUrl":"https:\/\/www.tello.es\/wp-content\/uploads\/2016\/12\/Blog_Tello_Recetas01B.jpg","keywords":["#RecetasconEstrella","PATATA ASADA"],"articleSection":["Recetas","Video recetas","Erlantz Gorostiza","Video Recetas"],"inLanguage":"en-US","potentialAction":[{"@type":"CommentAction","name":"Comment","target":["https:\/\/www.tello.es\/en\/recetasconestrella-patata-asada-con-patatas-machadas-al-aceite-de-pimenton\/#respond"]}]},{"@type":"WebPage","@id":"https:\/\/www.tello.es\/en\/recetasconestrella-patata-asada-con-patatas-machadas-al-aceite-de-pimenton\/","url":"https:\/\/www.tello.es\/en\/recetasconestrella-patata-asada-con-patatas-machadas-al-aceite-de-pimenton\/","name":"#RecetasconEstrella - Patata asada - GRUPO TELLO ALIMENTACI\u00d3N","isPartOf":{"@id":"https:\/\/www.tello.es\/#website"},"primaryImageOfPage":{"@id":"https:\/\/www.tello.es\/en\/recetasconestrella-patata-asada-con-patatas-machadas-al-aceite-de-pimenton\/#primaryimage"},"image":{"@id":"https:\/\/www.tello.es\/en\/recetasconestrella-patata-asada-con-patatas-machadas-al-aceite-de-pimenton\/#primaryimage"},"thumbnailUrl":"https:\/\/www.tello.es\/wp-content\/uploads\/2016\/12\/Blog_Tello_Recetas01B.jpg","datePublished":"2016-12-11T13:45:49+00:00","dateModified":"2017-11-15T08:46:15+00:00","breadcrumb":{"@id":"https:\/\/www.tello.es\/en\/recetasconestrella-patata-asada-con-patatas-machadas-al-aceite-de-pimenton\/#breadcrumb"},"inLanguage":"en-US","potentialAction":[{"@type":"ReadAction","target":["https:\/\/www.tello.es\/en\/recetasconestrella-patata-asada-con-patatas-machadas-al-aceite-de-pimenton\/"]}]},{"@type":"ImageObject","inLanguage":"en-US","@id":"https:\/\/www.tello.es\/en\/recetasconestrella-patata-asada-con-patatas-machadas-al-aceite-de-pimenton\/#primaryimage","url":"https:\/\/www.tello.es\/wp-content\/uploads\/2016\/12\/Blog_Tello_Recetas01B.jpg","contentUrl":"https:\/\/www.tello.es\/wp-content\/uploads\/2016\/12\/Blog_Tello_Recetas01B.jpg","width":1000,"height":600},{"@type":"BreadcrumbList","@id":"https:\/\/www.tello.es\/en\/recetasconestrella-patata-asada-con-patatas-machadas-al-aceite-de-pimenton\/#breadcrumb","itemListElement":[{"@type":"ListItem","position":1,"name":"Home","item":"https:\/\/www.tello.es\/en\/"},{"@type":"ListItem","position":2,"name":"#RecetasconEstrella &#8211; Patata asada"}]},{"@type":"WebSite","@id":"https:\/\/www.tello.es\/#website","url":"https:\/\/www.tello.es\/","name":"GRUPO TELLO ALIMENTACI\u00d3N","description":"COME BIEN, VIVE MEJOR","publisher":{"@id":"https:\/\/www.tello.es\/#organization"},"potentialAction":[{"@type":"SearchAction","target":{"@type":"EntryPoint","urlTemplate":"https:\/\/www.tello.es\/?s={search_term_string}"},"query-input":{"@type":"PropertyValueSpecification","valueRequired":true,"valueName":"search_term_string"}}],"inLanguage":"en-US"},{"@type":"Organization","@id":"https:\/\/www.tello.es\/#organization","name":"Grupo Tello Alimentaci\u00f3n","url":"https:\/\/www.tello.es\/","logo":{"@type":"ImageObject","inLanguage":"en-US","@id":"https:\/\/www.tello.es\/#\/schema\/logo\/image\/","url":"https:\/\/www.tello.es\/wp-content\/uploads\/2023\/11\/LOGO_CON_CLAIM4.jpg","contentUrl":"https:\/\/www.tello.es\/wp-content\/uploads\/2023\/11\/LOGO_CON_CLAIM4.jpg","width":1772,"height":827,"caption":"Grupo Tello Alimentaci\u00f3n"},"image":{"@id":"https:\/\/www.tello.es\/#\/schema\/logo\/image\/"},"sameAs":["https:\/\/www.facebook.com\/TelloAlimentacion\/","https:\/\/x.com\/Telloalimenta","https:\/\/www.instagram.com\/telloalimentacion\/","https:\/\/www.youtube.com\/telloalimentacion"]},{"@type":"Person","@id":"https:\/\/www.tello.es\/#\/schema\/person\/a86107e51c3b003f989070a2dda15e7f","name":"Irene Roca","url":"https:\/\/www.tello.es\/en\/author\/irocatello-es\/"}]}},"_links":{"self":[{"href":"https:\/\/www.tello.es\/en\/wp-json\/wp\/v2\/posts\/14602","targetHints":{"allow":["GET"]}}],"collection":[{"href":"https:\/\/www.tello.es\/en\/wp-json\/wp\/v2\/posts"}],"about":[{"href":"https:\/\/www.tello.es\/en\/wp-json\/wp\/v2\/types\/post"}],"author":[{"embeddable":true,"href":"https:\/\/www.tello.es\/en\/wp-json\/wp\/v2\/users\/307"}],"replies":[{"embeddable":true,"href":"https:\/\/www.tello.es\/en\/wp-json\/wp\/v2\/comments?post=14602"}],"version-history":[{"count":0,"href":"https:\/\/www.tello.es\/en\/wp-json\/wp\/v2\/posts\/14602\/revisions"}],"wp:featuredmedia":[{"embeddable":true,"href":"https:\/\/www.tello.es\/en\/wp-json\/wp\/v2\/media\/7379"}],"wp:attachment":[{"href":"https:\/\/www.tello.es\/en\/wp-json\/wp\/v2\/media?parent=14602"}],"wp:term":[{"taxonomy":"category","embeddable":true,"href":"https:\/\/www.tello.es\/en\/wp-json\/wp\/v2\/categories?post=14602"},{"taxonomy":"post_tag","embeddable":true,"href":"https:\/\/www.tello.es\/en\/wp-json\/wp\/v2\/tags?post=14602"}],"curies":[{"name":"wp","href":"https:\/\/api.w.org\/{rel}","templated":true}]}}