{"id":15072,"date":"2017-09-04T16:52:41","date_gmt":"2017-09-04T16:52:41","guid":{"rendered":"http:\/\/www.tello.pepagroup.es\/la-fundacion-caja-rural-castilla-la-mancha-une-deporte-y-corazon-en-su-5a-carrera-solidaria\/"},"modified":"2017-10-18T07:27:01","modified_gmt":"2017-10-18T07:27:01","slug":"la-fundacion-caja-rural-castilla-la-mancha-une-deporte-y-corazon-en-su-5a-carrera-solidaria","status":"publish","type":"post","link":"https:\/\/www.tello.es\/en\/la-fundacion-caja-rural-castilla-la-mancha-une-deporte-y-corazon-en-su-5a-carrera-solidaria\/","title":{"rendered":"LA FUNDACI\u00d3N CAJA RURAL CASTILLA-LA MANCHA UNE DEPORTE Y CORAZ\u00d3N EN SU 5\u00aa CARRERA SOLIDARIA"},"content":{"rendered":"<p><strong>El director general de Juventud y Deportes estuvo en la presentaci\u00f3n de la tradicional camiseta amarilla junto a responsables de Caja Rural y su Fundaci\u00f3n, Grupo Tello Alimentaci\u00f3n, Hospital Nacional de Parapl\u00e9jicos, clubes deportivos y Asociaci\u00f3n de Esclerosis M\u00faltiple de Toledo (ADEMTO), destinataria de la recaudaci\u00f3n. Amores anunci\u00f3 una campa\u00f1a promocional con los principales deportistas de la regi\u00f3n.<\/strong><\/p>\n<p>Cientos de corredores amarillos volver\u00e1n a sudar la camiseta el pr\u00f3ximo domingo 1 de octubre en la sede central de Caja Rural Castilla-La Mancha, en Toledo, punto de partida y llegada de la 5\u00aa Carrera Solidaria Fundaci\u00f3n Caja Rural Castilla-La Mancha-Tello, a beneficio de la Asociaci\u00f3n de Esclerosis M\u00faltiple de Toledo (ADEMTO) y su proyecto \u201cTodos somos m\u00faltiples\u201d.<\/p>\n<p>El director general de Juventud y Deportes del Gobierno regional, Jos\u00e9 Ram\u00f3n Amores, estuvo en la presentaci\u00f3n de la camiseta junto al presidente de Caja Rural Castilla-La Mancha y su Fundaci\u00f3n, Javier L\u00f3pez, el director general, V\u00edctor Manuel Mart\u00edn, el director de Relaciones Institucionales, Miguel \u00c1ngel Escalante, y el gerente de la Fundaci\u00f3n Caja Rural Castilla-La Mancha, Vicente Mu\u00f1oz.<\/p>\n<p>Tambi\u00e9n asistieron el director general de Grupo Tello Alimentaci\u00f3n, empresa patrono de la Fundaci\u00f3n y coorganizadora de la Carrera, Alfonso Alc\u00e1zar, su directora de Marketing, In\u00e9s Tello, y la presidenta de la Asociaci\u00f3n de Esclerosis M\u00faltiple de Toledo (ADEMTO), Bego\u00f1a Aguilar.<\/p>\n<p>Por parte del Hospital Nacional de Parapl\u00e9jicos de Toledo particip\u00f3 en la convocatoria el investigador principal del laboratorio de Neuroinmuno-Reparaci\u00f3n, el doctor Diego Clemente, junto a miembros de distintos clubes deportivos.<\/p>\n<p>La Fundaci\u00f3n Caja Rural Castilla-La Mancha espera reunir a 2.000 corredores y recaudar 20.000 euros en esta 5\u00aa Carrera Solidaria, que tendr\u00e1 lugar el domingo 1 de octubre con salida y llegada a la sede central de la entidad financiera, en la calle M\u00e9jico de Toledo.<\/p>\n<p>Javier L\u00f3pez record\u00f3 que \u201cse trata del evento deportivo solidario con mayor repercusi\u00f3n de nuestra tierra en la lucha contra la pobreza y la exclusi\u00f3n social, el apoyo a los colectivos m\u00e1s necesitados y la mejora de la calidad de vida de personas enfermas\u201d.<\/p>\n<p>Y subray\u00f3 que \u201cel amarillo de esta camiseta &#8211; realizada por el taller del Centro Ocupacional de Down Toledo- es un color optimista que transmite alegr\u00eda y llama la atenci\u00f3n sobre el prop\u00f3sito de esta Carrera: dar visibilidad a la Esclerosis M\u00faltiple y concienciar a la sociedad sobre la necesidad de apoyar a las personas que la padecen\u201d.<\/p>\n<p>El presidente de Caja Rural record\u00f3 que esta patolog\u00eda afecta aproximadamente a 47.000 personas en Espa\u00f1a, 600.000 en Europa y 2.500.000 en todo el mundo.<\/p>\n<p>El proyecto de ADEMTO ha sido seleccionado entre un total de 51 con el doble objetivo de adquirir equipamiento de rehabilitaci\u00f3n y destinar parte del importe recaudado al Laboratorio de Neuroinmuno-Reparaci\u00f3n del Hospital Nacional de Parapl\u00e9jicos.<\/p>\n<p>El investigador principal de este laboratorio consider\u00f3 \u201cun reto y una satisfacci\u00f3n ver a la sociedad apoyando a la investigaci\u00f3n, porque sin ciencia no hay futuro\u201d, y a\u00f1adi\u00f3 que \u201cAdemto nos ense\u00f1a cada d\u00eda que empat\u00eda y profesionalidad pueden ir de la mano al cincuenta por cien\u201d.<\/p>\n<p>El doctor Diego Clemente explic\u00f3 que el Hospital de Parapl\u00e9jicos investiga dos vertientes de la enfermedad: en primer lugar su curso cl\u00ednico, estudiando con ratones la futura agresividad de la enfermedad, y en segundo lugar, la activaci\u00f3n de las c\u00e9lulas necesarias para reparar sus lesiones.<\/p>\n<p>Para la presidenta de Ademto, \u201cque Caja Rural Castilla-La Mancha se haya fijado en una entidad peque\u00f1a, como nosotros, como beneficiaria de su Carrera \u201ces una \u201cgran emoci\u00f3n y un empuj\u00f3n muy importante\u201d.<\/p>\n<p>\u201cProcuramos dar a nuestros enfermos la mejor calidad de vida, porque la esclerosis m\u00faltiple es una enfermedad degenerativa que no tiene cura\u201d, declar\u00f3 Bego\u00f1a Aguilar, quien incidi\u00f3 en la importancia de apostar por la investigaci\u00f3n \u201cporque lo que verdaderamente queremos es curarnos y volver a nuestra actividad sin discapacidad ni merma en el d\u00eda a d\u00eda\u201d.<\/p>\n<p>Por su parte, el director general de Juventud y Deportes se mostr\u00f3 entusiasmado con esta iniciativa y asegur\u00f3 que \u201cel Gobierno regional est\u00e1 totalmente comprometido y dispuesto a hacer visible esta Carrera\u201d.<\/p>\n<p>\u201cEstamos dispuestos a poner toda nuestra maquinaria en redes sociales, con la presencia de deportistas fomentando la participaci\u00f3n, y lo vamos a hacer hoy mismo, poniendo en marcha una campa\u00f1a con nuestros mejores deportistas animando a participar en la Carrera\u201d, anunci\u00f3 Juan Ram\u00f3n Amores.<\/p>\n<p>El director general record\u00f3 que \u201ctodos somos objetivo de estas enfermedades tan crueles, que llegan sin avisar\u201d.<\/p>\n<p>Y asever\u00f3 que \u201cCastilla-La Mancha es una Comunidad totalmente comprometida con el deporte, tenemos grandes atletas\u201d, por lo que recalc\u00f3 la conveniencia de fomentar esta pr\u00e1ctica con \u201calma, pasi\u00f3n y coraz\u00f3n\u201d.<\/p>\n<p><strong>5 y 10 kil\u00f3metros<\/strong><\/p>\n<p>La Carrera tiene un coste de inscripci\u00f3n de 10 euros para categor\u00edas absolutas y 5 para infantiles, con la posibilidad de colaborar sin correr mediante el \u201cdorsal cero\u201d.<\/p>\n<p>Tendr\u00e1 un recorrido de 10 y 5 kil\u00f3metros por el Valle y la senda ecol\u00f3gica de Toledo y est\u00e1 pensada para los deportistas m\u00e1s exigentes y tambi\u00e9n para sus familias, de manera que se puede hacer andando, manifest\u00f3 el gerente de la Fundaci\u00f3n, ya que \u201cno queremos que nadie quede sin participar\u201d.<\/p>\n<p>Vicente Mu\u00f1oz afirm\u00f3 que \u201csolidaridad, coraz\u00f3n, pasi\u00f3n y compromiso son atributos de Caja Rural Castilla-La Mancha y su Fundaci\u00f3n\u201d y agradeci\u00f3 la colaboraci\u00f3n del Grupo Tello como coorganizador de la Carrera, cuya plantilla y la de la Caja \u201cse han involucrado al 100%, apunt\u00e1ndose en masa\u201d.<\/p>\n<p>Al respecto, el director general de Tello se mostr\u00f3 \u201cenormemente agradecido por permitirnos colaborar y cumplir uno de nuestros valores: devolver a la sociedad lo que de ella recibimos al consumir nuestros productos\u201d.<\/p>\n<p>Alfonso Alc\u00e1zar anim\u00f3 a participar en la Carrera porque \u201ccuanta m\u00e1s participaci\u00f3n haya, mayor recaudaci\u00f3n habr\u00e1 para los enfermos de esclerosis m\u00faltiple\u201d.<\/p>\n<p><strong>Importante progresi\u00f3n<\/strong><\/p>\n<p>La organizaci\u00f3n de la Carrera destaca la gran progresi\u00f3n que ha tenido este evento desde sus inicios, pasando de los 850 inscritos y 12.600 euros recaudados en la primera edici\u00f3n a beneficio de Mireia S\u00e1nchez a los 1.400 corredores y 14.500 euros para Afanion Castilla-La Mancha en la segunda edici\u00f3n, los 1.600 corredores y 16.916 euros para APACE Toledo en la tercera edici\u00f3n y los 1.700 participantes y 18.500 euros destinados a APANAS Toledo el a\u00f1o pasado.<\/p>\n","protected":false},"excerpt":{"rendered":"<p>El director general de Juventud y Deportes estuvo en la presentaci\u00f3n de la tradicional camiseta amarilla junto a responsables de Caja Rural y su Fundaci\u00f3n, Grupo Tello Alimentaci\u00f3n, Hospital Nacional de Parapl\u00e9jicos, clubes deportivos y Asociaci\u00f3n de Esclerosis M\u00faltiple de Toledo (ADEMTO), destinataria de la recaudaci\u00f3n. Amores anunci\u00f3 una campa\u00f1a promocional con los principales deportistas [&hellip;]<\/p>\n","protected":false},"author":307,"featured_media":15069,"comment_status":"open","ping_status":"open","sticky":false,"template":"","format":"standard","meta":{"_acf_changed":false,"footnotes":""},"categories":[829],"tags":[845],"class_list":["post-15072","post","type-post","status-publish","format-standard","has-post-thumbnail","hentry","category-corporate-social-responsibility","tag-responsabilidad-social-corporativa-en"],"acf":[],"yoast_head":"<!-- This site is optimized with the Yoast SEO plugin v27.5 - https:\/\/yoast.com\/product\/yoast-seo-wordpress\/ -->\n<title>LA FUNDACI\u00d3N CAJA RURAL CASTILLA-LA MANCHA UNE DEPORTE Y CORAZ\u00d3N EN SU 5\u00aa CARRERA SOLIDARIA - GRUPO TELLO ALIMENTACI\u00d3N<\/title>\n<meta name=\"robots\" content=\"index, follow, max-snippet:-1, max-image-preview:large, max-video-preview:-1\" \/>\n<link rel=\"canonical\" href=\"https:\/\/www.tello.es\/en\/la-fundacion-caja-rural-castilla-la-mancha-une-deporte-y-corazon-en-su-5a-carrera-solidaria\/\" \/>\n<meta property=\"og:locale\" content=\"en_US\" \/>\n<meta property=\"og:type\" content=\"article\" \/>\n<meta property=\"og:title\" content=\"LA FUNDACI\u00d3N CAJA RURAL CASTILLA-LA MANCHA UNE DEPORTE Y CORAZ\u00d3N EN SU 5\u00aa CARRERA SOLIDARIA - GRUPO TELLO ALIMENTACI\u00d3N\" \/>\n<meta property=\"og:description\" content=\"El director general de Juventud y Deportes estuvo en la presentaci\u00f3n de la tradicional camiseta amarilla junto a responsables de Caja Rural y su Fundaci\u00f3n, Grupo Tello Alimentaci\u00f3n, Hospital Nacional de Parapl\u00e9jicos, clubes deportivos y Asociaci\u00f3n de Esclerosis M\u00faltiple de Toledo (ADEMTO), destinataria de la recaudaci\u00f3n. Amores anunci\u00f3 una campa\u00f1a promocional con los principales deportistas [&hellip;]\" \/>\n<meta property=\"og:url\" content=\"https:\/\/www.tello.es\/en\/la-fundacion-caja-rural-castilla-la-mancha-une-deporte-y-corazon-en-su-5a-carrera-solidaria\/\" \/>\n<meta property=\"og:site_name\" content=\"GRUPO TELLO ALIMENTACI\u00d3N\" \/>\n<meta property=\"article:publisher\" content=\"https:\/\/www.facebook.com\/TelloAlimentacion\/\" \/>\n<meta property=\"article:published_time\" content=\"2017-09-04T16:52:41+00:00\" \/>\n<meta property=\"article:modified_time\" content=\"2017-10-18T07:27:01+00:00\" \/>\n<meta property=\"og:image\" content=\"https:\/\/www.tello.es\/wp-content\/uploads\/2017\/09\/20170904-PRESENTACION-CAMISETA-V-CARRERA-SOLIDARIA.jpg\" \/>\n\t<meta property=\"og:image:width\" content=\"1037\" \/>\n\t<meta property=\"og:image:height\" content=\"691\" \/>\n\t<meta property=\"og:image:type\" content=\"image\/jpeg\" \/>\n<meta name=\"author\" content=\"Irene Roca\" \/>\n<meta name=\"twitter:card\" content=\"summary_large_image\" \/>\n<meta name=\"twitter:creator\" content=\"@Telloalimenta\" \/>\n<meta name=\"twitter:site\" content=\"@Telloalimenta\" \/>\n<meta name=\"twitter:label1\" content=\"Written by\" \/>\n\t<meta name=\"twitter:data1\" content=\"Irene Roca\" \/>\n\t<meta name=\"twitter:label2\" content=\"Est. reading time\" \/>\n\t<meta name=\"twitter:data2\" content=\"5 minutes\" \/>\n<script type=\"application\/ld+json\" class=\"yoast-schema-graph\">{\"@context\":\"https:\\\/\\\/schema.org\",\"@graph\":[{\"@type\":\"Article\",\"@id\":\"https:\\\/\\\/www.tello.es\\\/en\\\/la-fundacion-caja-rural-castilla-la-mancha-une-deporte-y-corazon-en-su-5a-carrera-solidaria\\\/#article\",\"isPartOf\":{\"@id\":\"https:\\\/\\\/www.tello.es\\\/en\\\/la-fundacion-caja-rural-castilla-la-mancha-une-deporte-y-corazon-en-su-5a-carrera-solidaria\\\/\"},\"author\":{\"name\":\"Irene Roca\",\"@id\":\"https:\\\/\\\/www.tello.es\\\/#\\\/schema\\\/person\\\/a86107e51c3b003f989070a2dda15e7f\"},\"headline\":\"LA FUNDACI\u00d3N CAJA RURAL CASTILLA-LA MANCHA UNE DEPORTE Y CORAZ\u00d3N EN SU 5\u00aa CARRERA SOLIDARIA\",\"datePublished\":\"2017-09-04T16:52:41+00:00\",\"dateModified\":\"2017-10-18T07:27:01+00:00\",\"mainEntityOfPage\":{\"@id\":\"https:\\\/\\\/www.tello.es\\\/en\\\/la-fundacion-caja-rural-castilla-la-mancha-une-deporte-y-corazon-en-su-5a-carrera-solidaria\\\/\"},\"wordCount\":1115,\"commentCount\":0,\"publisher\":{\"@id\":\"https:\\\/\\\/www.tello.es\\\/#organization\"},\"image\":{\"@id\":\"https:\\\/\\\/www.tello.es\\\/en\\\/la-fundacion-caja-rural-castilla-la-mancha-une-deporte-y-corazon-en-su-5a-carrera-solidaria\\\/#primaryimage\"},\"thumbnailUrl\":\"https:\\\/\\\/www.tello.es\\\/wp-content\\\/uploads\\\/2017\\\/09\\\/20170904-PRESENTACION-CAMISETA-V-CARRERA-SOLIDARIA.jpg\",\"keywords\":[\"Responsabilidad Social Corporativa\"],\"articleSection\":[\"Corporate Social Responsibility\"],\"inLanguage\":\"en-US\",\"potentialAction\":[{\"@type\":\"CommentAction\",\"name\":\"Comment\",\"target\":[\"https:\\\/\\\/www.tello.es\\\/en\\\/la-fundacion-caja-rural-castilla-la-mancha-une-deporte-y-corazon-en-su-5a-carrera-solidaria\\\/#respond\"]}]},{\"@type\":\"WebPage\",\"@id\":\"https:\\\/\\\/www.tello.es\\\/en\\\/la-fundacion-caja-rural-castilla-la-mancha-une-deporte-y-corazon-en-su-5a-carrera-solidaria\\\/\",\"url\":\"https:\\\/\\\/www.tello.es\\\/en\\\/la-fundacion-caja-rural-castilla-la-mancha-une-deporte-y-corazon-en-su-5a-carrera-solidaria\\\/\",\"name\":\"LA FUNDACI\u00d3N CAJA RURAL CASTILLA-LA MANCHA UNE DEPORTE Y CORAZ\u00d3N EN SU 5\u00aa CARRERA SOLIDARIA - GRUPO TELLO ALIMENTACI\u00d3N\",\"isPartOf\":{\"@id\":\"https:\\\/\\\/www.tello.es\\\/#website\"},\"primaryImageOfPage\":{\"@id\":\"https:\\\/\\\/www.tello.es\\\/en\\\/la-fundacion-caja-rural-castilla-la-mancha-une-deporte-y-corazon-en-su-5a-carrera-solidaria\\\/#primaryimage\"},\"image\":{\"@id\":\"https:\\\/\\\/www.tello.es\\\/en\\\/la-fundacion-caja-rural-castilla-la-mancha-une-deporte-y-corazon-en-su-5a-carrera-solidaria\\\/#primaryimage\"},\"thumbnailUrl\":\"https:\\\/\\\/www.tello.es\\\/wp-content\\\/uploads\\\/2017\\\/09\\\/20170904-PRESENTACION-CAMISETA-V-CARRERA-SOLIDARIA.jpg\",\"datePublished\":\"2017-09-04T16:52:41+00:00\",\"dateModified\":\"2017-10-18T07:27:01+00:00\",\"breadcrumb\":{\"@id\":\"https:\\\/\\\/www.tello.es\\\/en\\\/la-fundacion-caja-rural-castilla-la-mancha-une-deporte-y-corazon-en-su-5a-carrera-solidaria\\\/#breadcrumb\"},\"inLanguage\":\"en-US\",\"potentialAction\":[{\"@type\":\"ReadAction\",\"target\":[\"https:\\\/\\\/www.tello.es\\\/en\\\/la-fundacion-caja-rural-castilla-la-mancha-une-deporte-y-corazon-en-su-5a-carrera-solidaria\\\/\"]}]},{\"@type\":\"ImageObject\",\"inLanguage\":\"en-US\",\"@id\":\"https:\\\/\\\/www.tello.es\\\/en\\\/la-fundacion-caja-rural-castilla-la-mancha-une-deporte-y-corazon-en-su-5a-carrera-solidaria\\\/#primaryimage\",\"url\":\"https:\\\/\\\/www.tello.es\\\/wp-content\\\/uploads\\\/2017\\\/09\\\/20170904-PRESENTACION-CAMISETA-V-CARRERA-SOLIDARIA.jpg\",\"contentUrl\":\"https:\\\/\\\/www.tello.es\\\/wp-content\\\/uploads\\\/2017\\\/09\\\/20170904-PRESENTACION-CAMISETA-V-CARRERA-SOLIDARIA.jpg\",\"width\":1037,\"height\":691},{\"@type\":\"BreadcrumbList\",\"@id\":\"https:\\\/\\\/www.tello.es\\\/en\\\/la-fundacion-caja-rural-castilla-la-mancha-une-deporte-y-corazon-en-su-5a-carrera-solidaria\\\/#breadcrumb\",\"itemListElement\":[{\"@type\":\"ListItem\",\"position\":1,\"name\":\"Home\",\"item\":\"https:\\\/\\\/www.tello.es\\\/en\\\/\"},{\"@type\":\"ListItem\",\"position\":2,\"name\":\"LA FUNDACI\u00d3N CAJA RURAL CASTILLA-LA MANCHA UNE DEPORTE Y CORAZ\u00d3N EN SU 5\u00aa CARRERA SOLIDARIA\"}]},{\"@type\":\"WebSite\",\"@id\":\"https:\\\/\\\/www.tello.es\\\/#website\",\"url\":\"https:\\\/\\\/www.tello.es\\\/\",\"name\":\"GRUPO TELLO ALIMENTACI\u00d3N\",\"description\":\"COME BIEN, VIVE MEJOR\",\"publisher\":{\"@id\":\"https:\\\/\\\/www.tello.es\\\/#organization\"},\"potentialAction\":[{\"@type\":\"SearchAction\",\"target\":{\"@type\":\"EntryPoint\",\"urlTemplate\":\"https:\\\/\\\/www.tello.es\\\/?s={search_term_string}\"},\"query-input\":{\"@type\":\"PropertyValueSpecification\",\"valueRequired\":true,\"valueName\":\"search_term_string\"}}],\"inLanguage\":\"en-US\"},{\"@type\":\"Organization\",\"@id\":\"https:\\\/\\\/www.tello.es\\\/#organization\",\"name\":\"Grupo Tello Alimentaci\u00f3n\",\"url\":\"https:\\\/\\\/www.tello.es\\\/\",\"logo\":{\"@type\":\"ImageObject\",\"inLanguage\":\"en-US\",\"@id\":\"https:\\\/\\\/www.tello.es\\\/#\\\/schema\\\/logo\\\/image\\\/\",\"url\":\"https:\\\/\\\/www.tello.es\\\/wp-content\\\/uploads\\\/2023\\\/11\\\/LOGO_CON_CLAIM4.jpg\",\"contentUrl\":\"https:\\\/\\\/www.tello.es\\\/wp-content\\\/uploads\\\/2023\\\/11\\\/LOGO_CON_CLAIM4.jpg\",\"width\":1772,\"height\":827,\"caption\":\"Grupo Tello Alimentaci\u00f3n\"},\"image\":{\"@id\":\"https:\\\/\\\/www.tello.es\\\/#\\\/schema\\\/logo\\\/image\\\/\"},\"sameAs\":[\"https:\\\/\\\/www.facebook.com\\\/TelloAlimentacion\\\/\",\"https:\\\/\\\/x.com\\\/Telloalimenta\",\"https:\\\/\\\/www.instagram.com\\\/telloalimentacion\\\/\",\"https:\\\/\\\/www.youtube.com\\\/telloalimentacion\"]},{\"@type\":\"Person\",\"@id\":\"https:\\\/\\\/www.tello.es\\\/#\\\/schema\\\/person\\\/a86107e51c3b003f989070a2dda15e7f\",\"name\":\"Irene Roca\",\"url\":\"https:\\\/\\\/www.tello.es\\\/en\\\/author\\\/irocatello-es\\\/\"}]}<\/script>\n<!-- \/ Yoast SEO plugin. -->","yoast_head_json":{"title":"LA FUNDACI\u00d3N CAJA RURAL CASTILLA-LA MANCHA UNE DEPORTE Y CORAZ\u00d3N EN SU 5\u00aa CARRERA SOLIDARIA - GRUPO TELLO ALIMENTACI\u00d3N","robots":{"index":"index","follow":"follow","max-snippet":"max-snippet:-1","max-image-preview":"max-image-preview:large","max-video-preview":"max-video-preview:-1"},"canonical":"https:\/\/www.tello.es\/en\/la-fundacion-caja-rural-castilla-la-mancha-une-deporte-y-corazon-en-su-5a-carrera-solidaria\/","og_locale":"en_US","og_type":"article","og_title":"LA FUNDACI\u00d3N CAJA RURAL CASTILLA-LA MANCHA UNE DEPORTE Y CORAZ\u00d3N EN SU 5\u00aa CARRERA SOLIDARIA - GRUPO TELLO ALIMENTACI\u00d3N","og_description":"El director general de Juventud y Deportes estuvo en la presentaci\u00f3n de la tradicional camiseta amarilla junto a responsables de Caja Rural y su Fundaci\u00f3n, Grupo Tello Alimentaci\u00f3n, Hospital Nacional de Parapl\u00e9jicos, clubes deportivos y Asociaci\u00f3n de Esclerosis M\u00faltiple de Toledo (ADEMTO), destinataria de la recaudaci\u00f3n. Amores anunci\u00f3 una campa\u00f1a promocional con los principales deportistas [&hellip;]","og_url":"https:\/\/www.tello.es\/en\/la-fundacion-caja-rural-castilla-la-mancha-une-deporte-y-corazon-en-su-5a-carrera-solidaria\/","og_site_name":"GRUPO TELLO ALIMENTACI\u00d3N","article_publisher":"https:\/\/www.facebook.com\/TelloAlimentacion\/","article_published_time":"2017-09-04T16:52:41+00:00","article_modified_time":"2017-10-18T07:27:01+00:00","og_image":[{"width":1037,"height":691,"url":"https:\/\/www.tello.es\/wp-content\/uploads\/2017\/09\/20170904-PRESENTACION-CAMISETA-V-CARRERA-SOLIDARIA.jpg","type":"image\/jpeg"}],"author":"Irene Roca","twitter_card":"summary_large_image","twitter_creator":"@Telloalimenta","twitter_site":"@Telloalimenta","twitter_misc":{"Written by":"Irene Roca","Est. reading time":"5 minutes"},"schema":{"@context":"https:\/\/schema.org","@graph":[{"@type":"Article","@id":"https:\/\/www.tello.es\/en\/la-fundacion-caja-rural-castilla-la-mancha-une-deporte-y-corazon-en-su-5a-carrera-solidaria\/#article","isPartOf":{"@id":"https:\/\/www.tello.es\/en\/la-fundacion-caja-rural-castilla-la-mancha-une-deporte-y-corazon-en-su-5a-carrera-solidaria\/"},"author":{"name":"Irene Roca","@id":"https:\/\/www.tello.es\/#\/schema\/person\/a86107e51c3b003f989070a2dda15e7f"},"headline":"LA FUNDACI\u00d3N CAJA RURAL CASTILLA-LA MANCHA UNE DEPORTE Y CORAZ\u00d3N EN SU 5\u00aa CARRERA SOLIDARIA","datePublished":"2017-09-04T16:52:41+00:00","dateModified":"2017-10-18T07:27:01+00:00","mainEntityOfPage":{"@id":"https:\/\/www.tello.es\/en\/la-fundacion-caja-rural-castilla-la-mancha-une-deporte-y-corazon-en-su-5a-carrera-solidaria\/"},"wordCount":1115,"commentCount":0,"publisher":{"@id":"https:\/\/www.tello.es\/#organization"},"image":{"@id":"https:\/\/www.tello.es\/en\/la-fundacion-caja-rural-castilla-la-mancha-une-deporte-y-corazon-en-su-5a-carrera-solidaria\/#primaryimage"},"thumbnailUrl":"https:\/\/www.tello.es\/wp-content\/uploads\/2017\/09\/20170904-PRESENTACION-CAMISETA-V-CARRERA-SOLIDARIA.jpg","keywords":["Responsabilidad Social Corporativa"],"articleSection":["Corporate Social Responsibility"],"inLanguage":"en-US","potentialAction":[{"@type":"CommentAction","name":"Comment","target":["https:\/\/www.tello.es\/en\/la-fundacion-caja-rural-castilla-la-mancha-une-deporte-y-corazon-en-su-5a-carrera-solidaria\/#respond"]}]},{"@type":"WebPage","@id":"https:\/\/www.tello.es\/en\/la-fundacion-caja-rural-castilla-la-mancha-une-deporte-y-corazon-en-su-5a-carrera-solidaria\/","url":"https:\/\/www.tello.es\/en\/la-fundacion-caja-rural-castilla-la-mancha-une-deporte-y-corazon-en-su-5a-carrera-solidaria\/","name":"LA FUNDACI\u00d3N CAJA RURAL CASTILLA-LA MANCHA UNE DEPORTE Y CORAZ\u00d3N EN SU 5\u00aa CARRERA SOLIDARIA - GRUPO TELLO ALIMENTACI\u00d3N","isPartOf":{"@id":"https:\/\/www.tello.es\/#website"},"primaryImageOfPage":{"@id":"https:\/\/www.tello.es\/en\/la-fundacion-caja-rural-castilla-la-mancha-une-deporte-y-corazon-en-su-5a-carrera-solidaria\/#primaryimage"},"image":{"@id":"https:\/\/www.tello.es\/en\/la-fundacion-caja-rural-castilla-la-mancha-une-deporte-y-corazon-en-su-5a-carrera-solidaria\/#primaryimage"},"thumbnailUrl":"https:\/\/www.tello.es\/wp-content\/uploads\/2017\/09\/20170904-PRESENTACION-CAMISETA-V-CARRERA-SOLIDARIA.jpg","datePublished":"2017-09-04T16:52:41+00:00","dateModified":"2017-10-18T07:27:01+00:00","breadcrumb":{"@id":"https:\/\/www.tello.es\/en\/la-fundacion-caja-rural-castilla-la-mancha-une-deporte-y-corazon-en-su-5a-carrera-solidaria\/#breadcrumb"},"inLanguage":"en-US","potentialAction":[{"@type":"ReadAction","target":["https:\/\/www.tello.es\/en\/la-fundacion-caja-rural-castilla-la-mancha-une-deporte-y-corazon-en-su-5a-carrera-solidaria\/"]}]},{"@type":"ImageObject","inLanguage":"en-US","@id":"https:\/\/www.tello.es\/en\/la-fundacion-caja-rural-castilla-la-mancha-une-deporte-y-corazon-en-su-5a-carrera-solidaria\/#primaryimage","url":"https:\/\/www.tello.es\/wp-content\/uploads\/2017\/09\/20170904-PRESENTACION-CAMISETA-V-CARRERA-SOLIDARIA.jpg","contentUrl":"https:\/\/www.tello.es\/wp-content\/uploads\/2017\/09\/20170904-PRESENTACION-CAMISETA-V-CARRERA-SOLIDARIA.jpg","width":1037,"height":691},{"@type":"BreadcrumbList","@id":"https:\/\/www.tello.es\/en\/la-fundacion-caja-rural-castilla-la-mancha-une-deporte-y-corazon-en-su-5a-carrera-solidaria\/#breadcrumb","itemListElement":[{"@type":"ListItem","position":1,"name":"Home","item":"https:\/\/www.tello.es\/en\/"},{"@type":"ListItem","position":2,"name":"LA FUNDACI\u00d3N CAJA RURAL CASTILLA-LA MANCHA UNE DEPORTE Y CORAZ\u00d3N EN SU 5\u00aa CARRERA SOLIDARIA"}]},{"@type":"WebSite","@id":"https:\/\/www.tello.es\/#website","url":"https:\/\/www.tello.es\/","name":"GRUPO TELLO ALIMENTACI\u00d3N","description":"COME BIEN, VIVE MEJOR","publisher":{"@id":"https:\/\/www.tello.es\/#organization"},"potentialAction":[{"@type":"SearchAction","target":{"@type":"EntryPoint","urlTemplate":"https:\/\/www.tello.es\/?s={search_term_string}"},"query-input":{"@type":"PropertyValueSpecification","valueRequired":true,"valueName":"search_term_string"}}],"inLanguage":"en-US"},{"@type":"Organization","@id":"https:\/\/www.tello.es\/#organization","name":"Grupo Tello Alimentaci\u00f3n","url":"https:\/\/www.tello.es\/","logo":{"@type":"ImageObject","inLanguage":"en-US","@id":"https:\/\/www.tello.es\/#\/schema\/logo\/image\/","url":"https:\/\/www.tello.es\/wp-content\/uploads\/2023\/11\/LOGO_CON_CLAIM4.jpg","contentUrl":"https:\/\/www.tello.es\/wp-content\/uploads\/2023\/11\/LOGO_CON_CLAIM4.jpg","width":1772,"height":827,"caption":"Grupo Tello Alimentaci\u00f3n"},"image":{"@id":"https:\/\/www.tello.es\/#\/schema\/logo\/image\/"},"sameAs":["https:\/\/www.facebook.com\/TelloAlimentacion\/","https:\/\/x.com\/Telloalimenta","https:\/\/www.instagram.com\/telloalimentacion\/","https:\/\/www.youtube.com\/telloalimentacion"]},{"@type":"Person","@id":"https:\/\/www.tello.es\/#\/schema\/person\/a86107e51c3b003f989070a2dda15e7f","name":"Irene Roca","url":"https:\/\/www.tello.es\/en\/author\/irocatello-es\/"}]}},"_links":{"self":[{"href":"https:\/\/www.tello.es\/en\/wp-json\/wp\/v2\/posts\/15072","targetHints":{"allow":["GET"]}}],"collection":[{"href":"https:\/\/www.tello.es\/en\/wp-json\/wp\/v2\/posts"}],"about":[{"href":"https:\/\/www.tello.es\/en\/wp-json\/wp\/v2\/types\/post"}],"author":[{"embeddable":true,"href":"https:\/\/www.tello.es\/en\/wp-json\/wp\/v2\/users\/307"}],"replies":[{"embeddable":true,"href":"https:\/\/www.tello.es\/en\/wp-json\/wp\/v2\/comments?post=15072"}],"version-history":[{"count":0,"href":"https:\/\/www.tello.es\/en\/wp-json\/wp\/v2\/posts\/15072\/revisions"}],"wp:featuredmedia":[{"embeddable":true,"href":"https:\/\/www.tello.es\/en\/wp-json\/wp\/v2\/media\/15069"}],"wp:attachment":[{"href":"https:\/\/www.tello.es\/en\/wp-json\/wp\/v2\/media?parent=15072"}],"wp:term":[{"taxonomy":"category","embeddable":true,"href":"https:\/\/www.tello.es\/en\/wp-json\/wp\/v2\/categories?post=15072"},{"taxonomy":"post_tag","embeddable":true,"href":"https:\/\/www.tello.es\/en\/wp-json\/wp\/v2\/tags?post=15072"}],"curies":[{"name":"wp","href":"https:\/\/api.w.org\/{rel}","templated":true}]}}