{"id":15211,"date":"2017-08-09T17:36:05","date_gmt":"2017-08-09T17:36:05","guid":{"rendered":"http:\/\/www.tello.pepagroup.es\/llega-el-iii-campeonato-internacional-solidario-de-cortadores-de-jamon-iberico-a-la-ciudad-de-toledo\/"},"modified":"2017-09-14T17:41:07","modified_gmt":"2017-09-14T17:41:07","slug":"llega-el-iii-campeonato-internacional-solidario-de-cortadores-de-jamon-iberico-a-la-ciudad-de-toledo","status":"publish","type":"post","link":"https:\/\/www.tello.es\/en\/llega-el-iii-campeonato-internacional-solidario-de-cortadores-de-jamon-iberico-a-la-ciudad-de-toledo\/","title":{"rendered":"LLEGA EL III CAMPEONATO INTERNACIONAL SOLIDARIO DE CORTADORES DE JAM\u00d3N IB\u00c9RICO A LA CIUDAD DE TOLEDO"},"content":{"rendered":"<blockquote><p><strong><em>En el entorno de \u201cToledo 30\u00ba Aniversario Ciudad Patrimonio de la Humanidad\u201d e incluido en el programa del \u201cSeptiembre Cultural\u201d<\/em><\/strong><\/p><\/blockquote>\n<ul>\n<li><strong>El pr\u00f3ximo 30 de septiembre a las 12h en la Plaza del Ayuntamiento de Toledo, tendr\u00e1 lugar la tercera edici\u00f3n de este Campeonato Internacional<\/strong><\/li>\n<li><strong>8 cortadores profesionales, seleccionados entre las diferentes candidaturas recibidas por la Asociaci\u00f3n Nacional de Cortadores de Jam\u00f3n se enfrentar\u00e1n en esta <\/strong><strong>prueba clasificatoria para la final 2018 del Campeonato de Espa\u00f1a<\/strong><\/li>\n<li><strong>Los asistentes podr\u00e1n degustar los platos de jam\u00f3n a un precio simb\u00f3lico y la recaudaci\u00f3n obtenida ir\u00e1 destinada a Banco de Alimentos de Toledo y C\u00e1ritas<\/strong><\/li>\n<\/ul>\n<p><strong>Toledo, 9 de agosto de 2017<\/strong>. Hoy se ha presentado en el Ayuntamiento de Toledo el <strong>III Campeonato Internacional Solidario de Cortadores de Jam\u00f3n Ib\u00e9rico<\/strong>, que tendr\u00e1 lugar el pr\u00f3ximo s\u00e1bado 30 de septiembre a las 12h en la plaza del Ayuntamiento de la capital castellano-manchega, y ser\u00e1 uno de los actos del <strong><em>Septiembre Cultural<\/em><\/strong>, en el entorno del<em> 30\u00ba Aniversario de Toledo como Ciudad Patrimonio de la Humanidad<\/em>.<\/p>\n<p>En la presentaci\u00f3n de hoy se han expuesto todos los detalles de este acto por parte de Rosana Rodr\u00edguez, concejala de Turismo de Toledo; In\u00e9s Tello, responsable de Marketing del Grupo Tello Alimentaci\u00f3n y empresa organizadora del <strong>III Campeonato Internacional Solidario de Cortadores de Jam\u00f3n Ib\u00e9rico<\/strong>, Carlos Mart\u00edn Moti\u00f1o y Lu\u00eds Portales, ambos miembros del Grupo de Cortadores Profesionales de Jam\u00f3n de Toledo \u201cCorteletum\u201d as\u00ed como de la organizaci\u00f3n del Campeonato y la Asociaci\u00f3n Nacional de Cortadores de Jam\u00f3n.<\/p>\n<p>La Asociaci\u00f3n Nacional de Cortadores de Jam\u00f3n ya est\u00e1 recibiendo numerosas candidaturas de los profesionales del corte, entre las cuales seleccionar\u00e1 a 8 finalistas seg\u00fan su experiencia y curr\u00edculum, que se enfrentar\u00e1n en este Campeonato Internacional el pr\u00f3ximo 30 de septiembre y que es una <strong>prueba clasificatoria para la final 2018 del Campeonato de Espa\u00f1a<\/strong>.<\/p>\n<p>El <strong><em>Grupo Tello Alimentaci\u00f3n<\/em><\/strong>, con el apoyo del Ayuntamiento de Toledo, vuelve a organizar este acto por tercer a\u00f1o consecutivo, con el objetivo de reconocer y premiar al cortador profesional que demuestre mejores dotes tanto art\u00edsticos como t\u00e9cnicos y premiar tanto su calidad como la creatividad en el emplatado del jam\u00f3n.<\/p>\n<p>Los 8 finalistas que se enfrenten el pr\u00f3ximo 30 de septiembre en la plaza del Ayuntamiento de Toledo, ser\u00e1n evaluados por un jurado compuesto por campeones de Espa\u00f1a y reconocidos profesionales del mundo del jam\u00f3n. El jurado valorar\u00e1 aspectos t\u00e9cnicos y art\u00edsticos como el perfilado de la pieza por ambas caras, el estilo y emplatado durante el corte, la limpieza, colocaci\u00f3n y orden de la zona de trabajo, el grosor, tama\u00f1o y rectitud de las lonchas, el emplatado, la presentaci\u00f3n, la creatividad o la eficacia y eficiencia de cada participante.<\/p>\n<p>De los 8 participantes del pr\u00f3ximo 30 de septiembre en el <strong>III Campeonato Internacional Solidario de Cortadores de Jam\u00f3n Ib\u00e9rico<\/strong> se seleccionar\u00e1n 3 clasificados que recibir\u00e1n premios de 1.000\u20ac, 500\u20ac y 250\u20ac, as\u00ed como un trofeo y diploma acreditativo y diferentes obsequios de la organizaci\u00f3n de esta prueba internacional. Adem\u00e1s, el ganador de la prueba se clasificar\u00e1 directamente para la final del Campeonato de Espa\u00f1a 2018.<\/p>\n<p>Como en a\u00f1os anteriores, durante el<strong> III Campeonato Internacional Solidario de Cortadores de Jam\u00f3n Ib\u00e9rico<\/strong>, el p\u00fablico asistente podr\u00e1 disfrutar del acto y degustar los platos de jam\u00f3n ib\u00e9rico a un precio simb\u00f3lico de 3 euros<strong>, destinando la organizaci\u00f3n el importe \u00edntegro de la recaudaci\u00f3n <\/strong>al Banco de Alimentos de Toledo y C\u00e1ritas.<\/p>\n<p>Para m\u00e1s informaci\u00f3n sobre el <strong><em>III Campeonato Internacional Solidario de Cortadores de Jam\u00f3n Ib\u00e9rico<\/em><\/strong> organizado por el <strong>Grupo Tello Alimentaci\u00f3n<\/strong> visita <a href=\"http:\/\/tello.es\/\">www.tello.es<\/a> o sigue a <a href=\"https:\/\/twitter.com\/CanalTello\">@CanalTello<\/a> en Twitter y <a href=\"https:\/\/www.facebook.com\/CarnicasTello\/\">CarnicasTello<\/a> en Facebook.<strong>\u00a0<\/strong><\/p>\n<p><strong>Contacto de prensa Grupo Tello Alimentaci\u00f3n:<\/strong><\/p>\n<p>Agencia CodeBare<\/p>\n<p><a href=\"mailto:asuarez@codebare.com\">asuarez@codebare.com<\/a>\u00a0 &#8211;\u00a0 <a href=\"mailto:bmolero@codebare.com\">bmolero@codebare.com<\/a>\u00a0\u00a0 91 575 42 94 \u2013 678 70 23 79<\/p>\n<p>&nbsp;<\/p>\n<p>&nbsp;<\/p>\n","protected":false},"excerpt":{"rendered":"<p>En el entorno de \u201cToledo 30\u00ba Aniversario Ciudad Patrimonio de la Humanidad\u201d e incluido en el programa del \u201cSeptiembre Cultural\u201d El pr\u00f3ximo 30 de septiembre a las 12h en la Plaza del Ayuntamiento de Toledo, tendr\u00e1 lugar la tercera edici\u00f3n de este Campeonato Internacional 8 cortadores profesionales, seleccionados entre las diferentes candidaturas recibidas por la [&hellip;]<\/p>\n","protected":false},"author":307,"featured_media":15210,"comment_status":"open","ping_status":"open","sticky":false,"template":"","format":"standard","meta":{"_acf_changed":false,"footnotes":""},"categories":[828],"tags":[],"class_list":["post-15211","post","type-post","status-publish","format-standard","has-post-thumbnail","hentry","category-tello-news"],"acf":[],"yoast_head":"<!-- This site is optimized with the Yoast SEO plugin v27.5 - https:\/\/yoast.com\/product\/yoast-seo-wordpress\/ -->\n<title>LLEGA EL III CAMPEONATO INTERNACIONAL SOLIDARIO DE CORTADORES DE JAM\u00d3N IB\u00c9RICO A LA CIUDAD DE TOLEDO - GRUPO TELLO ALIMENTACI\u00d3N<\/title>\n<meta name=\"robots\" content=\"index, follow, max-snippet:-1, max-image-preview:large, max-video-preview:-1\" \/>\n<link rel=\"canonical\" href=\"https:\/\/www.tello.es\/en\/llega-el-iii-campeonato-internacional-solidario-de-cortadores-de-jamon-iberico-a-la-ciudad-de-toledo\/\" \/>\n<meta property=\"og:locale\" content=\"en_US\" \/>\n<meta property=\"og:type\" content=\"article\" \/>\n<meta property=\"og:title\" content=\"LLEGA EL III CAMPEONATO INTERNACIONAL SOLIDARIO DE CORTADORES DE JAM\u00d3N IB\u00c9RICO A LA CIUDAD DE TOLEDO - GRUPO TELLO ALIMENTACI\u00d3N\" \/>\n<meta property=\"og:description\" content=\"En el entorno de \u201cToledo 30\u00ba Aniversario Ciudad Patrimonio de la Humanidad\u201d e incluido en el programa del \u201cSeptiembre Cultural\u201d El pr\u00f3ximo 30 de septiembre a las 12h en la Plaza del Ayuntamiento de Toledo, tendr\u00e1 lugar la tercera edici\u00f3n de este Campeonato Internacional 8 cortadores profesionales, seleccionados entre las diferentes candidaturas recibidas por la [&hellip;]\" \/>\n<meta property=\"og:url\" content=\"https:\/\/www.tello.es\/en\/llega-el-iii-campeonato-internacional-solidario-de-cortadores-de-jamon-iberico-a-la-ciudad-de-toledo\/\" \/>\n<meta property=\"og:site_name\" content=\"GRUPO TELLO ALIMENTACI\u00d3N\" \/>\n<meta property=\"article:publisher\" content=\"https:\/\/www.facebook.com\/TelloAlimentacion\/\" \/>\n<meta property=\"article:published_time\" content=\"2017-08-09T17:36:05+00:00\" \/>\n<meta property=\"article:modified_time\" content=\"2017-09-14T17:41:07+00:00\" \/>\n<meta property=\"og:image\" content=\"https:\/\/www.tello.es\/wp-content\/uploads\/2017\/09\/PresentacionIIICampeonatoInternacionalSolidarioCortadoresDeJamon_Foto_@toledoayto.jpg\" \/>\n\t<meta property=\"og:image:width\" content=\"2000\" \/>\n\t<meta property=\"og:image:height\" content=\"1333\" \/>\n\t<meta property=\"og:image:type\" content=\"image\/jpeg\" \/>\n<meta name=\"author\" content=\"Irene Roca\" \/>\n<meta name=\"twitter:card\" content=\"summary_large_image\" \/>\n<meta name=\"twitter:creator\" content=\"@Telloalimenta\" \/>\n<meta name=\"twitter:site\" content=\"@Telloalimenta\" \/>\n<meta name=\"twitter:label1\" content=\"Written by\" \/>\n\t<meta name=\"twitter:data1\" content=\"Irene Roca\" \/>\n\t<meta name=\"twitter:label2\" content=\"Est. reading time\" \/>\n\t<meta name=\"twitter:data2\" content=\"3 minutes\" \/>\n<script type=\"application\/ld+json\" class=\"yoast-schema-graph\">{\"@context\":\"https:\\\/\\\/schema.org\",\"@graph\":[{\"@type\":\"Article\",\"@id\":\"https:\\\/\\\/www.tello.es\\\/en\\\/llega-el-iii-campeonato-internacional-solidario-de-cortadores-de-jamon-iberico-a-la-ciudad-de-toledo\\\/#article\",\"isPartOf\":{\"@id\":\"https:\\\/\\\/www.tello.es\\\/en\\\/llega-el-iii-campeonato-internacional-solidario-de-cortadores-de-jamon-iberico-a-la-ciudad-de-toledo\\\/\"},\"author\":{\"name\":\"Irene Roca\",\"@id\":\"https:\\\/\\\/www.tello.es\\\/#\\\/schema\\\/person\\\/a86107e51c3b003f989070a2dda15e7f\"},\"headline\":\"LLEGA EL III CAMPEONATO INTERNACIONAL SOLIDARIO DE CORTADORES DE JAM\u00d3N IB\u00c9RICO A LA CIUDAD DE TOLEDO\",\"datePublished\":\"2017-08-09T17:36:05+00:00\",\"dateModified\":\"2017-09-14T17:41:07+00:00\",\"mainEntityOfPage\":{\"@id\":\"https:\\\/\\\/www.tello.es\\\/en\\\/llega-el-iii-campeonato-internacional-solidario-de-cortadores-de-jamon-iberico-a-la-ciudad-de-toledo\\\/\"},\"wordCount\":685,\"commentCount\":1,\"publisher\":{\"@id\":\"https:\\\/\\\/www.tello.es\\\/#organization\"},\"image\":{\"@id\":\"https:\\\/\\\/www.tello.es\\\/en\\\/llega-el-iii-campeonato-internacional-solidario-de-cortadores-de-jamon-iberico-a-la-ciudad-de-toledo\\\/#primaryimage\"},\"thumbnailUrl\":\"https:\\\/\\\/www.tello.es\\\/wp-content\\\/uploads\\\/2017\\\/09\\\/PresentacionIIICampeonatoInternacionalSolidarioCortadoresDeJamon_Foto_@toledoayto.jpg\",\"articleSection\":[\"Tello News\"],\"inLanguage\":\"en-US\",\"potentialAction\":[{\"@type\":\"CommentAction\",\"name\":\"Comment\",\"target\":[\"https:\\\/\\\/www.tello.es\\\/en\\\/llega-el-iii-campeonato-internacional-solidario-de-cortadores-de-jamon-iberico-a-la-ciudad-de-toledo\\\/#respond\"]}]},{\"@type\":\"WebPage\",\"@id\":\"https:\\\/\\\/www.tello.es\\\/en\\\/llega-el-iii-campeonato-internacional-solidario-de-cortadores-de-jamon-iberico-a-la-ciudad-de-toledo\\\/\",\"url\":\"https:\\\/\\\/www.tello.es\\\/en\\\/llega-el-iii-campeonato-internacional-solidario-de-cortadores-de-jamon-iberico-a-la-ciudad-de-toledo\\\/\",\"name\":\"LLEGA EL III CAMPEONATO INTERNACIONAL SOLIDARIO DE CORTADORES DE JAM\u00d3N IB\u00c9RICO A LA CIUDAD DE TOLEDO - GRUPO TELLO ALIMENTACI\u00d3N\",\"isPartOf\":{\"@id\":\"https:\\\/\\\/www.tello.es\\\/#website\"},\"primaryImageOfPage\":{\"@id\":\"https:\\\/\\\/www.tello.es\\\/en\\\/llega-el-iii-campeonato-internacional-solidario-de-cortadores-de-jamon-iberico-a-la-ciudad-de-toledo\\\/#primaryimage\"},\"image\":{\"@id\":\"https:\\\/\\\/www.tello.es\\\/en\\\/llega-el-iii-campeonato-internacional-solidario-de-cortadores-de-jamon-iberico-a-la-ciudad-de-toledo\\\/#primaryimage\"},\"thumbnailUrl\":\"https:\\\/\\\/www.tello.es\\\/wp-content\\\/uploads\\\/2017\\\/09\\\/PresentacionIIICampeonatoInternacionalSolidarioCortadoresDeJamon_Foto_@toledoayto.jpg\",\"datePublished\":\"2017-08-09T17:36:05+00:00\",\"dateModified\":\"2017-09-14T17:41:07+00:00\",\"breadcrumb\":{\"@id\":\"https:\\\/\\\/www.tello.es\\\/en\\\/llega-el-iii-campeonato-internacional-solidario-de-cortadores-de-jamon-iberico-a-la-ciudad-de-toledo\\\/#breadcrumb\"},\"inLanguage\":\"en-US\",\"potentialAction\":[{\"@type\":\"ReadAction\",\"target\":[\"https:\\\/\\\/www.tello.es\\\/en\\\/llega-el-iii-campeonato-internacional-solidario-de-cortadores-de-jamon-iberico-a-la-ciudad-de-toledo\\\/\"]}]},{\"@type\":\"ImageObject\",\"inLanguage\":\"en-US\",\"@id\":\"https:\\\/\\\/www.tello.es\\\/en\\\/llega-el-iii-campeonato-internacional-solidario-de-cortadores-de-jamon-iberico-a-la-ciudad-de-toledo\\\/#primaryimage\",\"url\":\"https:\\\/\\\/www.tello.es\\\/wp-content\\\/uploads\\\/2017\\\/09\\\/PresentacionIIICampeonatoInternacionalSolidarioCortadoresDeJamon_Foto_@toledoayto.jpg\",\"contentUrl\":\"https:\\\/\\\/www.tello.es\\\/wp-content\\\/uploads\\\/2017\\\/09\\\/PresentacionIIICampeonatoInternacionalSolidarioCortadoresDeJamon_Foto_@toledoayto.jpg\",\"width\":2000,\"height\":1333},{\"@type\":\"BreadcrumbList\",\"@id\":\"https:\\\/\\\/www.tello.es\\\/en\\\/llega-el-iii-campeonato-internacional-solidario-de-cortadores-de-jamon-iberico-a-la-ciudad-de-toledo\\\/#breadcrumb\",\"itemListElement\":[{\"@type\":\"ListItem\",\"position\":1,\"name\":\"Home\",\"item\":\"https:\\\/\\\/www.tello.es\\\/en\\\/\"},{\"@type\":\"ListItem\",\"position\":2,\"name\":\"LLEGA EL III CAMPEONATO INTERNACIONAL SOLIDARIO DE CORTADORES DE JAM\u00d3N IB\u00c9RICO A LA CIUDAD DE TOLEDO\"}]},{\"@type\":\"WebSite\",\"@id\":\"https:\\\/\\\/www.tello.es\\\/#website\",\"url\":\"https:\\\/\\\/www.tello.es\\\/\",\"name\":\"GRUPO TELLO ALIMENTACI\u00d3N\",\"description\":\"COME BIEN, VIVE MEJOR\",\"publisher\":{\"@id\":\"https:\\\/\\\/www.tello.es\\\/#organization\"},\"potentialAction\":[{\"@type\":\"SearchAction\",\"target\":{\"@type\":\"EntryPoint\",\"urlTemplate\":\"https:\\\/\\\/www.tello.es\\\/?s={search_term_string}\"},\"query-input\":{\"@type\":\"PropertyValueSpecification\",\"valueRequired\":true,\"valueName\":\"search_term_string\"}}],\"inLanguage\":\"en-US\"},{\"@type\":\"Organization\",\"@id\":\"https:\\\/\\\/www.tello.es\\\/#organization\",\"name\":\"Grupo Tello Alimentaci\u00f3n\",\"url\":\"https:\\\/\\\/www.tello.es\\\/\",\"logo\":{\"@type\":\"ImageObject\",\"inLanguage\":\"en-US\",\"@id\":\"https:\\\/\\\/www.tello.es\\\/#\\\/schema\\\/logo\\\/image\\\/\",\"url\":\"https:\\\/\\\/www.tello.es\\\/wp-content\\\/uploads\\\/2023\\\/11\\\/LOGO_CON_CLAIM4.jpg\",\"contentUrl\":\"https:\\\/\\\/www.tello.es\\\/wp-content\\\/uploads\\\/2023\\\/11\\\/LOGO_CON_CLAIM4.jpg\",\"width\":1772,\"height\":827,\"caption\":\"Grupo Tello Alimentaci\u00f3n\"},\"image\":{\"@id\":\"https:\\\/\\\/www.tello.es\\\/#\\\/schema\\\/logo\\\/image\\\/\"},\"sameAs\":[\"https:\\\/\\\/www.facebook.com\\\/TelloAlimentacion\\\/\",\"https:\\\/\\\/x.com\\\/Telloalimenta\",\"https:\\\/\\\/www.instagram.com\\\/telloalimentacion\\\/\",\"https:\\\/\\\/www.youtube.com\\\/telloalimentacion\"]},{\"@type\":\"Person\",\"@id\":\"https:\\\/\\\/www.tello.es\\\/#\\\/schema\\\/person\\\/a86107e51c3b003f989070a2dda15e7f\",\"name\":\"Irene Roca\",\"url\":\"https:\\\/\\\/www.tello.es\\\/en\\\/author\\\/irocatello-es\\\/\"}]}<\/script>\n<!-- \/ Yoast SEO plugin. -->","yoast_head_json":{"title":"LLEGA EL III CAMPEONATO INTERNACIONAL SOLIDARIO DE CORTADORES DE JAM\u00d3N IB\u00c9RICO A LA CIUDAD DE TOLEDO - GRUPO TELLO ALIMENTACI\u00d3N","robots":{"index":"index","follow":"follow","max-snippet":"max-snippet:-1","max-image-preview":"max-image-preview:large","max-video-preview":"max-video-preview:-1"},"canonical":"https:\/\/www.tello.es\/en\/llega-el-iii-campeonato-internacional-solidario-de-cortadores-de-jamon-iberico-a-la-ciudad-de-toledo\/","og_locale":"en_US","og_type":"article","og_title":"LLEGA EL III CAMPEONATO INTERNACIONAL SOLIDARIO DE CORTADORES DE JAM\u00d3N IB\u00c9RICO A LA CIUDAD DE TOLEDO - GRUPO TELLO ALIMENTACI\u00d3N","og_description":"En el entorno de \u201cToledo 30\u00ba Aniversario Ciudad Patrimonio de la Humanidad\u201d e incluido en el programa del \u201cSeptiembre Cultural\u201d El pr\u00f3ximo 30 de septiembre a las 12h en la Plaza del Ayuntamiento de Toledo, tendr\u00e1 lugar la tercera edici\u00f3n de este Campeonato Internacional 8 cortadores profesionales, seleccionados entre las diferentes candidaturas recibidas por la [&hellip;]","og_url":"https:\/\/www.tello.es\/en\/llega-el-iii-campeonato-internacional-solidario-de-cortadores-de-jamon-iberico-a-la-ciudad-de-toledo\/","og_site_name":"GRUPO TELLO ALIMENTACI\u00d3N","article_publisher":"https:\/\/www.facebook.com\/TelloAlimentacion\/","article_published_time":"2017-08-09T17:36:05+00:00","article_modified_time":"2017-09-14T17:41:07+00:00","og_image":[{"width":2000,"height":1333,"url":"https:\/\/www.tello.es\/wp-content\/uploads\/2017\/09\/PresentacionIIICampeonatoInternacionalSolidarioCortadoresDeJamon_Foto_@toledoayto.jpg","type":"image\/jpeg"}],"author":"Irene Roca","twitter_card":"summary_large_image","twitter_creator":"@Telloalimenta","twitter_site":"@Telloalimenta","twitter_misc":{"Written by":"Irene Roca","Est. reading time":"3 minutes"},"schema":{"@context":"https:\/\/schema.org","@graph":[{"@type":"Article","@id":"https:\/\/www.tello.es\/en\/llega-el-iii-campeonato-internacional-solidario-de-cortadores-de-jamon-iberico-a-la-ciudad-de-toledo\/#article","isPartOf":{"@id":"https:\/\/www.tello.es\/en\/llega-el-iii-campeonato-internacional-solidario-de-cortadores-de-jamon-iberico-a-la-ciudad-de-toledo\/"},"author":{"name":"Irene Roca","@id":"https:\/\/www.tello.es\/#\/schema\/person\/a86107e51c3b003f989070a2dda15e7f"},"headline":"LLEGA EL III CAMPEONATO INTERNACIONAL SOLIDARIO DE CORTADORES DE JAM\u00d3N IB\u00c9RICO A LA CIUDAD DE TOLEDO","datePublished":"2017-08-09T17:36:05+00:00","dateModified":"2017-09-14T17:41:07+00:00","mainEntityOfPage":{"@id":"https:\/\/www.tello.es\/en\/llega-el-iii-campeonato-internacional-solidario-de-cortadores-de-jamon-iberico-a-la-ciudad-de-toledo\/"},"wordCount":685,"commentCount":1,"publisher":{"@id":"https:\/\/www.tello.es\/#organization"},"image":{"@id":"https:\/\/www.tello.es\/en\/llega-el-iii-campeonato-internacional-solidario-de-cortadores-de-jamon-iberico-a-la-ciudad-de-toledo\/#primaryimage"},"thumbnailUrl":"https:\/\/www.tello.es\/wp-content\/uploads\/2017\/09\/PresentacionIIICampeonatoInternacionalSolidarioCortadoresDeJamon_Foto_@toledoayto.jpg","articleSection":["Tello News"],"inLanguage":"en-US","potentialAction":[{"@type":"CommentAction","name":"Comment","target":["https:\/\/www.tello.es\/en\/llega-el-iii-campeonato-internacional-solidario-de-cortadores-de-jamon-iberico-a-la-ciudad-de-toledo\/#respond"]}]},{"@type":"WebPage","@id":"https:\/\/www.tello.es\/en\/llega-el-iii-campeonato-internacional-solidario-de-cortadores-de-jamon-iberico-a-la-ciudad-de-toledo\/","url":"https:\/\/www.tello.es\/en\/llega-el-iii-campeonato-internacional-solidario-de-cortadores-de-jamon-iberico-a-la-ciudad-de-toledo\/","name":"LLEGA EL III CAMPEONATO INTERNACIONAL SOLIDARIO DE CORTADORES DE JAM\u00d3N IB\u00c9RICO A LA CIUDAD DE TOLEDO - GRUPO TELLO ALIMENTACI\u00d3N","isPartOf":{"@id":"https:\/\/www.tello.es\/#website"},"primaryImageOfPage":{"@id":"https:\/\/www.tello.es\/en\/llega-el-iii-campeonato-internacional-solidario-de-cortadores-de-jamon-iberico-a-la-ciudad-de-toledo\/#primaryimage"},"image":{"@id":"https:\/\/www.tello.es\/en\/llega-el-iii-campeonato-internacional-solidario-de-cortadores-de-jamon-iberico-a-la-ciudad-de-toledo\/#primaryimage"},"thumbnailUrl":"https:\/\/www.tello.es\/wp-content\/uploads\/2017\/09\/PresentacionIIICampeonatoInternacionalSolidarioCortadoresDeJamon_Foto_@toledoayto.jpg","datePublished":"2017-08-09T17:36:05+00:00","dateModified":"2017-09-14T17:41:07+00:00","breadcrumb":{"@id":"https:\/\/www.tello.es\/en\/llega-el-iii-campeonato-internacional-solidario-de-cortadores-de-jamon-iberico-a-la-ciudad-de-toledo\/#breadcrumb"},"inLanguage":"en-US","potentialAction":[{"@type":"ReadAction","target":["https:\/\/www.tello.es\/en\/llega-el-iii-campeonato-internacional-solidario-de-cortadores-de-jamon-iberico-a-la-ciudad-de-toledo\/"]}]},{"@type":"ImageObject","inLanguage":"en-US","@id":"https:\/\/www.tello.es\/en\/llega-el-iii-campeonato-internacional-solidario-de-cortadores-de-jamon-iberico-a-la-ciudad-de-toledo\/#primaryimage","url":"https:\/\/www.tello.es\/wp-content\/uploads\/2017\/09\/PresentacionIIICampeonatoInternacionalSolidarioCortadoresDeJamon_Foto_@toledoayto.jpg","contentUrl":"https:\/\/www.tello.es\/wp-content\/uploads\/2017\/09\/PresentacionIIICampeonatoInternacionalSolidarioCortadoresDeJamon_Foto_@toledoayto.jpg","width":2000,"height":1333},{"@type":"BreadcrumbList","@id":"https:\/\/www.tello.es\/en\/llega-el-iii-campeonato-internacional-solidario-de-cortadores-de-jamon-iberico-a-la-ciudad-de-toledo\/#breadcrumb","itemListElement":[{"@type":"ListItem","position":1,"name":"Home","item":"https:\/\/www.tello.es\/en\/"},{"@type":"ListItem","position":2,"name":"LLEGA EL III CAMPEONATO INTERNACIONAL SOLIDARIO DE CORTADORES DE JAM\u00d3N IB\u00c9RICO A LA CIUDAD DE TOLEDO"}]},{"@type":"WebSite","@id":"https:\/\/www.tello.es\/#website","url":"https:\/\/www.tello.es\/","name":"GRUPO TELLO ALIMENTACI\u00d3N","description":"COME BIEN, VIVE MEJOR","publisher":{"@id":"https:\/\/www.tello.es\/#organization"},"potentialAction":[{"@type":"SearchAction","target":{"@type":"EntryPoint","urlTemplate":"https:\/\/www.tello.es\/?s={search_term_string}"},"query-input":{"@type":"PropertyValueSpecification","valueRequired":true,"valueName":"search_term_string"}}],"inLanguage":"en-US"},{"@type":"Organization","@id":"https:\/\/www.tello.es\/#organization","name":"Grupo Tello Alimentaci\u00f3n","url":"https:\/\/www.tello.es\/","logo":{"@type":"ImageObject","inLanguage":"en-US","@id":"https:\/\/www.tello.es\/#\/schema\/logo\/image\/","url":"https:\/\/www.tello.es\/wp-content\/uploads\/2023\/11\/LOGO_CON_CLAIM4.jpg","contentUrl":"https:\/\/www.tello.es\/wp-content\/uploads\/2023\/11\/LOGO_CON_CLAIM4.jpg","width":1772,"height":827,"caption":"Grupo Tello Alimentaci\u00f3n"},"image":{"@id":"https:\/\/www.tello.es\/#\/schema\/logo\/image\/"},"sameAs":["https:\/\/www.facebook.com\/TelloAlimentacion\/","https:\/\/x.com\/Telloalimenta","https:\/\/www.instagram.com\/telloalimentacion\/","https:\/\/www.youtube.com\/telloalimentacion"]},{"@type":"Person","@id":"https:\/\/www.tello.es\/#\/schema\/person\/a86107e51c3b003f989070a2dda15e7f","name":"Irene Roca","url":"https:\/\/www.tello.es\/en\/author\/irocatello-es\/"}]}},"_links":{"self":[{"href":"https:\/\/www.tello.es\/en\/wp-json\/wp\/v2\/posts\/15211","targetHints":{"allow":["GET"]}}],"collection":[{"href":"https:\/\/www.tello.es\/en\/wp-json\/wp\/v2\/posts"}],"about":[{"href":"https:\/\/www.tello.es\/en\/wp-json\/wp\/v2\/types\/post"}],"author":[{"embeddable":true,"href":"https:\/\/www.tello.es\/en\/wp-json\/wp\/v2\/users\/307"}],"replies":[{"embeddable":true,"href":"https:\/\/www.tello.es\/en\/wp-json\/wp\/v2\/comments?post=15211"}],"version-history":[{"count":0,"href":"https:\/\/www.tello.es\/en\/wp-json\/wp\/v2\/posts\/15211\/revisions"}],"wp:featuredmedia":[{"embeddable":true,"href":"https:\/\/www.tello.es\/en\/wp-json\/wp\/v2\/media\/15210"}],"wp:attachment":[{"href":"https:\/\/www.tello.es\/en\/wp-json\/wp\/v2\/media?parent=15211"}],"wp:term":[{"taxonomy":"category","embeddable":true,"href":"https:\/\/www.tello.es\/en\/wp-json\/wp\/v2\/categories?post=15211"},{"taxonomy":"post_tag","embeddable":true,"href":"https:\/\/www.tello.es\/en\/wp-json\/wp\/v2\/tags?post=15211"}],"curies":[{"name":"wp","href":"https:\/\/api.w.org\/{rel}","templated":true}]}}